{"id":1114,"date":"2017-04-19T15:02:38","date_gmt":"2017-04-19T13:02:38","guid":{"rendered":"http:\/\/societesplurielles.fr\/?p=1114"},"modified":"2017-09-15T00:59:03","modified_gmt":"2017-09-14T22:59:03","slug":"","status":"publish","type":"post","link":"https:\/\/societesplurielles.fr\/en\/urbanites-et-cosmopolitismes-un-regard-comparatif-a-partir-des-villes-du-monde-arabe\/","title":{"rendered":"","raw":""},"content":{"rendered":"","protected":false,"raw":""},"excerpt":{"rendered":"","protected":false,"raw":""},"author":1,"featured_media":0,"comment_status":"closed","ping_status":"closed","sticky":false,"template":"","format":"standard","meta":{"_fr_post_content":"S\u00e9minaire MAGMET (Migrants in Global Metropolises)\r\n\r\nVendredi 21 avril, de 12h30 \u00e0 14h 30\r\n\r\nAu CERI, Salle Jean Monnet, 56 rue Jacob, 75007 Paris\r\n\r\nS\u00e9ance autour de\u00a0<span id=\"OBJ_PREFIX_DWT553_com_zimbra_url\" class=\"Object\"><span id=\"OBJ_PREFIX_DWT561_com_zimbra_url\" class=\"Object\"><a class=\"\" href=\"http:\/\/www.iiac.cnrs.fr\/article1729.html\" target=\"_blank\">Franck Mermier<\/a><\/span><\/span>, Directeur de recherche au IIAC CNRS-EHESS\r\n\r\norganis\u00e9e par\u00a0Catherine Lejeune (Universit\u00e9 Denis Diderot Paris 7), Delphine Pag\u00e8s El Karoui (INALCO), Camille Schmoll (Universit\u00e9 Denis Diderot Paris 7-IUF), Helene Thiollet (CNRS-CERI Sciences Po)\r\n\r\nInscriptions obligatoires sur le site du\u00a0<span id=\"OBJ_PREFIX_DWT556_com_zimbra_url\" class=\"Object\"><span id=\"OBJ_PREFIX_DWT564_com_zimbra_url\" class=\"Object\"><a class=\"\" href=\"http:\/\/www.sciencespo.fr\/ceri\/evenements\/\" target=\"_blank\">CERI<\/a><\/span><\/span>\r\n<div class=\"\"><\/div>\r\n<div class=\"\"><\/div>\r\n<div class=\"\"><\/div>\r\n<div class=\"\"><\/div>","_fr_post_name":"urbanites-et-cosmopolitismes-un-regard-comparatif-a-partir-des-villes-du-monde-arabe","_fr_post_excerpt":"","_fr_post_title":"Urbanit\u00e9s et cosmopolitismes: un regard comparatif \u00e0 partir des villes du monde arabe","_en_post_content":"","_en_post_name":"","_en_post_excerpt":"","_en_post_title":"","edit_language":"en","footnotes":""},"categories":[6],"tags":[],"class_list":["post-1114","post","type-post","status-publish","format-standard","hentry","category-archives"],"_links":{"self":[{"href":"https:\/\/societesplurielles.fr\/en\/wp-json\/wp\/v2\/posts\/1114","targetHints":{"allow":["GET"]}}],"collection":[{"href":"https:\/\/societesplurielles.fr\/en\/wp-json\/wp\/v2\/posts"}],"about":[{"href":"https:\/\/societesplurielles.fr\/en\/wp-json\/wp\/v2\/types\/post"}],"author":[{"embeddable":true,"href":"https:\/\/societesplurielles.fr\/en\/wp-json\/wp\/v2\/users\/1"}],"replies":[{"embeddable":true,"href":"https:\/\/societesplurielles.fr\/en\/wp-json\/wp\/v2\/comments?post=1114"}],"version-history":[{"count":7,"href":"https:\/\/societesplurielles.fr\/en\/wp-json\/wp\/v2\/posts\/1114\/revisions"}],"predecessor-version":[{"id":1121,"href":"https:\/\/societesplurielles.fr\/en\/wp-json\/wp\/v2\/posts\/1114\/revisions\/1121"}],"wp:attachment":[{"href":"https:\/\/societesplurielles.fr\/en\/wp-json\/wp\/v2\/media?parent=1114"}],"wp:term":[{"taxonomy":"category","embeddable":true,"href":"https:\/\/societesplurielles.fr\/en\/wp-json\/wp\/v2\/categories?post=1114"},{"taxonomy":"post_tag","embeddable":true,"href":"https:\/\/societesplurielles.fr\/en\/wp-json\/wp\/v2\/tags?post=1114"}],"curies":[{"name":"wp","href":"https:\/\/api.w.org\/{rel}","templated":true}]}}