{"id":1439,"date":"2017-09-27T15:34:03","date_gmt":"2017-09-27T13:34:03","guid":{"rendered":"http:\/\/societesplurielles.fr\/fr\/?p=1439"},"modified":"2017-11-21T10:36:10","modified_gmt":"2017-11-21T09:36:10","slug":"","status":"publish","type":"post","link":"https:\/\/societesplurielles.fr\/en\/figure-consommateur-immigre-europe-regards-franco-allemands\/","title":{"rendered":"","raw":""},"content":{"rendered":"","protected":false,"raw":""},"excerpt":{"rendered":"","protected":false,"raw":""},"author":1,"featured_media":0,"comment_status":"closed","ping_status":"closed","sticky":false,"template":"","format":"standard","meta":{"_fr_post_content":"<strong>4e atelier de recherche \u00a0<\/strong>\r\n\r\nBerlin, 12 et 13\u00a0Octobre 2017\r\n\r\n<span style=\"text-decoration: underline;\">Lieu<\/span>:\u00a0Centre Marc Bloch,\u00a0Georg-Simmel-Saal, 3. Etage\r\n\r\nDepuis deux ans, des chercheurs fran\u00e7ais et allemands issus de diff\u00e9rentes disciplines r\u00e9fl\u00e9chissent ensemble au d\u00e9veloppement d'un nouveau champ de recherche autour de\u00a0la figure du consommateur immigr\u00e9 comme agent de transformation des pratiques de consommation et des cultures mat\u00e9rielles des soci\u00e9t\u00e9s europ\u00e9ennes. Face \u00e0 la diversit\u00e9 croissante des populations europ\u00e9ennes, il s'agit en effet de se saisir d'un des angles morts de la recherche sur l'immigration, l'angle de la consommation. Manger, s'habiller, faire ses courses sont autant de gestes du quotidien qui ne disparaissent pas pendant le parcours migratoire\u00a0mais se transforment au fur et \u00e0 mesure de l'apprentissage d'un nouvel environnement de consommation. De m\u00eame, la pr\u00e9sence d'une diversit\u00e9 croissante des origines modifie les objets et les pratiques\u00a0de la soci\u00e9t\u00e9 \u00ab\u00a0dominante\u00a0\u00bb : diffusion de nouveaux plats et de normes de beaut\u00e9 par des entrepreneurs-migrants, d\u00e9couverte d'ingr\u00e9dients et de rituels de beaut\u00e9 issus d'ailleurs, apparition de nouveaux codes vestimentaires, transformation des quartiers, ou des espaces de distribution et de vente.\r\n\r\nCe quatri\u00e8me atelier a pour ambition de faire un bilan de ces \u00e9changes scientifiques\u00a0exploratoires\u00a0et de discuter des modalit\u00e9s d'organisation et de consolidation du champ de recherche.\r\n<p style=\"text-align: center;\">Programm\/<em>Programme<\/em><\/p>\r\n<p style=\"text-align: center;\"><strong>12 Octobre\u00a0<\/strong><\/p>\r\n<span style=\"text-decoration: underline;\">Chair<\/span> : PD Dr. Jonathan Everts,\u00a0Geographischen Institut der Universit\u00e4t\u00a0Bonn\r\n\r\n13.00 <strong>Ouverture des journ\u00e9es de recherche<\/strong><em> \/\u00a0Uhr\u00a0\u2013 Er\u00f6ffnung der Wissenschaftstagung\/ :<\/em>\u00a0Maren M\u00f6hring\/\u00a0Virginie Silhouette-Dercourt \u2013 Fran\u00e7ois H\u00e9ran (INED), Wolfgang Kaschuba (Direktor des BIM-HU)\r\n\r\n13.30 \u2013 15.30<strong>\u00a0<em>Espaces urbains\u00a0immigr\u00e9s et fabrication des villes-mondes: Paris-Berlin \/\u00a0<\/em><\/strong><em>Uhr\u00a0Panel 1: St\u00e4dtische Einwanderungsr\u00e4ume und die Entstehung von WeltSt\u00e4dten: Paris und Berlin<\/em>\r\n\r\n<span style=\"text-decoration: underline;\">Chair<\/span> : Prof. Dr. Maren M\u00f6hring,\u00a0Institut f\u00fcr Kulturwissenschaften, Universit\u00e4t Leipzig\r\n\r\n16.00 \u2013 18.00 <strong>Soci\u00e9t\u00e9s postmigratoires et transformation des pratiques alimentaires europ\u00e9ennes <\/strong><em>\/ Uhr\u00a0Panel 2:\u00a0Postmigrantische Gesellschaften und die Transformation europ\u00e4ischer Ern\u00e4hrungspraktiken<\/em>\r\n\r\n18.30 \u2013 20.00 Uhr Centre Marc Bloch, Germaine-Tillion-Saal, 7. Etage:\u00a0<strong><em>Nouveaux migrants, nouvelles consommations\u00a0? La figure du consommateur immigr\u00e9 dans la fabrique du quotidien en Allemagne et en France <\/em><\/strong><em>\/\u00a0<\/em><em>Neue Migranten, neuer Konsum?\u00a0Die Figur des Migranten als Konsument in Deutschland und Frankreich,\u00a0<\/em>Discussion avec\u00a0Fran\u00e7ois H\u00e9ran (INED) et\u00a0Wolfgang Kaschuba\u00a0 (BIM-HU)\r\n<span style=\"text-decoration: underline;\">Mod\u00e9ration<\/span>\u00a0: Dr. Hab.\u00a0Virginie\u00a0Silhouette-Dercourt (UP 13, CMB) &amp; Prof. Dr. Maren M\u00f6hring (U. Leipzig)\r\n<p style=\"text-align: center;\"><strong>13 octobre<\/strong><\/p>\r\n9.00-9.30 <em>Pr\u00e9sentation du programme Soci\u00e9t\u00e9s plurielles par<\/em>\u00a0Dr. Hab. Vincenzo Cicchelli, Gemass, Universit\u00e9 Paris-Descartes \/\u00a0<em>Uhr Pr\u00e4sentation des Forschungsprogramms Soci\u00e9t\u00e9s plurielles \u2013 Pluralistische Gesellschaften<\/em>\r\n\r\n9.30 \u2013 11.30<strong>\u00a0\u00a0<em>Jeunesse immigr\u00e9e et la transformation des pratiques de beaut\u00e9 en Europe<\/em><\/strong><em>\/\u00a0<\/em><em>Uhr Panel 3:\u00a0Jugendkultur, Migration und die Transformation von Kleidungs- und Sch\u00f6nheitspraktiken in Europa\u00a0<\/em>\r\n<span style=\"text-decoration: underline;\">Chair<\/span> : Dr. Hab.\u00a0Virginie\u00a0Silhouette-Dercourt, CEPN-UP13, Centre Marc Bloch\r\n\r\n12.00 \u2013 13.30\u00a0<strong><em>Consolidation d'un nouveau champ de recherche et projets futurs <\/em><\/strong><em>\/\u00a0<\/em><em>Uhr\u00a0Panel 4: Konsolidierung eines neuen Forschungsfelds und anstehende Projekte\u00a0<\/em>\r\n<span style=\"text-decoration: underline;\">Chair<\/span> : Maren M\u00f6hring und V. Silhouette-Dercourt stellen den aktuellen Stand der Forschungsarbeiten dar\/<em>\u00a0V. Silhouette-Dercourt et Maren M\u00f6hring pr\u00e9sentent l'\u00e9tat de ce qui a \u00e9t\u00e9 r\u00e9alis\u00e9.<\/em>\r\n\r\n14.30 \u2013 16.30 <strong><em>Discussion autour du dernier panel<\/em><\/strong><em>\/<\/em><em>\u00a0<\/em><em>Uhr\u00a0Abschlusspanel\/<\/em><strong><em>\u00a0<\/em><\/strong><em>:<\/em>\u00a0Jede Arbeitsgruppe pr\u00e4sentiert ihre Ideen und Vorschl\u00e4ge. Er\u00f6rterung des weiteren Vorgehens\/<em>\u00a0chaque groupe pr\u00e9sente ses id\u00e9es et propositions<\/em>\r\n\r\n16.30 \u00a0<strong><em>Conclusion des deux journ\u00e9es<\/em><\/strong>\u00a0(Maren M\u00f6hring et V. Silhouette-Dercourt)\/\u00a0<em>Uhr Abschluss der beiden Tage\/ der Wissenschaftstagung<\/em>\r\n\r\n17.00 <em><strong>Fin de l'atelier<\/strong> \/\u00a0Uhr Ende des Workshops<\/em>\r\n\r\nBeteiligte Institutionen\/<em>Institutions partenaires<\/em>\u00a0: CIERA, Universit\u00e4t Leipzig, Soci\u00e9t\u00e9s plurielles, MSH-Paris Nord, CEPN-Universit\u00e9\r\n\r\nSeit zwei Jahren arbeiten franz\u00f6sische und deutsche Wissenschaftler_innen unterschiedlicher Disziplinen gemeinsam an einem neuen Forschungsfeld, in dessen Mittelpunkt die Figur des Migranten als Konsument (respektive die Migrantin als Konsumentin)\u00a0steht, der ma\u00dfgeblich dazu beitr\u00e4gt, Konsumgewohnheiten und Alltagskulturen der europ\u00e4ischen Gesellschaften zu ver\u00e4ndern. Angesichts der zunehmenden kulturellen Vielfalt innerhalb der Bev\u00f6lkerung europ\u00e4ischer L\u00e4nder geht es darum, einen toten Winkel der Migrationsforschung verst\u00e4rkt in den Blick zu nehmen: den Konsum. Essen, Kleidung, Einkaufen geh\u00f6ren zum Alltag; diese Dinge gehen im Zuge einer Migration nicht verloren, sondern passen sich im Verlauf eines Lernprozesses dem neuen Konsumumfeld an. Gleichzeitig f\u00fchrt die st\u00e4rkere Ursprungsvielfalt im Aufnahmeland dazu, dass sich Konsumobjekte und -gewohnheiten der \u201eMehrheitsgesellschaft\u201d ver\u00e4ndern. So bringen migrantische Unternehmer_innen neue Gerichte und Sch\u00f6nheitsideale in Umlauf oder fremdartige Zutaten, Pflegerituale sowie neue Kleidungsstile und Verkaufsfl\u00e4chen in die einzelnen Stadtviertel.\u00a0Dieser vierte Workshop soll nun den Austausch \u00fcber die vorliegenden wissenschaftlichen Feldstudien zusammenfassen und die Organisation und Konsolidierung des Forschungsfeldes vorantreiben.\r\n\r\n<img class=\"aligncenter wp-image-1454 size-full\" src=\"http:\/\/societesplurielles.fr\/wp-content\/uploads\/2017\/09\/affiche_VSD_workshop_3.png\" alt=\"affiche_VSD_workshop_3\" width=\"1240\" height=\"1753\" \/>","_fr_post_name":"figure-consommateur-immigre-europe-regards-franco-allemands","_fr_post_excerpt":"","_fr_post_title":"La figure du consommateur immigr\u00e9 en Europe: regards franco-allemands","_en_post_content":"","_en_post_name":"","_en_post_excerpt":"","_en_post_title":"","edit_language":"en","footnotes":""},"categories":[6],"tags":[],"class_list":["post-1439","post","type-post","status-publish","format-standard","hentry","category-archives"],"_links":{"self":[{"href":"https:\/\/societesplurielles.fr\/en\/wp-json\/wp\/v2\/posts\/1439","targetHints":{"allow":["GET"]}}],"collection":[{"href":"https:\/\/societesplurielles.fr\/en\/wp-json\/wp\/v2\/posts"}],"about":[{"href":"https:\/\/societesplurielles.fr\/en\/wp-json\/wp\/v2\/types\/post"}],"author":[{"embeddable":true,"href":"https:\/\/societesplurielles.fr\/en\/wp-json\/wp\/v2\/users\/1"}],"replies":[{"embeddable":true,"href":"https:\/\/societesplurielles.fr\/en\/wp-json\/wp\/v2\/comments?post=1439"}],"version-history":[{"count":16,"href":"https:\/\/societesplurielles.fr\/en\/wp-json\/wp\/v2\/posts\/1439\/revisions"}],"predecessor-version":[{"id":1500,"href":"https:\/\/societesplurielles.fr\/en\/wp-json\/wp\/v2\/posts\/1439\/revisions\/1500"}],"wp:attachment":[{"href":"https:\/\/societesplurielles.fr\/en\/wp-json\/wp\/v2\/media?parent=1439"}],"wp:term":[{"taxonomy":"category","embeddable":true,"href":"https:\/\/societesplurielles.fr\/en\/wp-json\/wp\/v2\/categories?post=1439"},{"taxonomy":"post_tag","embeddable":true,"href":"https:\/\/societesplurielles.fr\/en\/wp-json\/wp\/v2\/tags?post=1439"}],"curies":[{"name":"wp","href":"https:\/\/api.w.org\/{rel}","templated":true}]}}