{"id":1636,"date":"2018-05-07T12:34:08","date_gmt":"2018-05-07T10:34:08","guid":{"rendered":"http:\/\/societesplurielles.fr\/fr\/?p=1636"},"modified":"2018-05-07T15:02:53","modified_gmt":"2018-05-07T13:02:53","slug":"","status":"publish","type":"post","link":"https:\/\/societesplurielles.fr\/en\/fabriquer-legalite\/","title":{"rendered":"","raw":""},"content":{"rendered":"","protected":false,"raw":""},"excerpt":{"rendered":"","protected":false,"raw":""},"author":1,"featured_media":0,"comment_status":"closed","ping_status":"closed","sticky":false,"template":"","format":"standard","meta":{"_fr_post_content":"<strong>Fabriquer l'\u00e9galit\u00e9: La recherche action comme outil d'un dialogue social territorial coop\u00e9ratif<\/strong>\r\n\r\nCNAM, 2, rue de Cont\u00e9 75003 Paris\r\n\r\nL'objectif de l'universit\u00e9 \u00e9ph\u00e9m\u00e8re est de mobiliser, sur 2 jours, des dirigeant-es, des \u00e9lu-es et des salari\u00e9-es des entreprises de l'\u00e9conomie sociale franciliennes, des universitaires, des membres des r\u00e9seaux professionnels de l'ESS, autour de leurs exp\u00e9riences et des difficult\u00e9s rencontr\u00e9es en mati\u00e8re d'\u00e9galit\u00e9.\r\n\r\nCette Universit\u00e9 \u00e9ph\u00e9m\u00e8re sera anim\u00e9e par les 2 co-pilotes du projet, ainsi que par 3 expertes de l'animation et de la sensibilisation sur les questions de genre et d'\u00e9galit\u00e9 professionnelle : Elsa Manghi, Javiera Coussieu-Reyes et Antin\u00e9a Lestien. Des outils adapt\u00e9s, issus des m\u00e9thodes de l'\u00e9ducation populaire et favorisant l'intelligence collective seront mis en \u0153uvre pour permettre l'expression crois\u00e9e des participant-es et la cr\u00e9ativit\u00e9 dans la recherche de solutions innovantes et diffusables dans les r\u00e9seaux de l'ESS et au-del\u00e0, \u00e0 l'ensemble des PME francilliennes.\r\n\r\nVoir le programme <a href=\"http:\/\/societesplurielles.fr\/wp-content\/uploads\/2018\/05\/Fabriquer-l\u00e9galit\u00e9_programme.pdf\" target=\"_blank\">Fabriquer l'\u00e9galit\u00e9<\/a>\r\n\r\nLien vers la page wiki du projet :\u00a0<a href=\"http:\/\/manufacture.coop\/wiki-fabriqueegalite\/?PagePrincipale\" target=\"_blank\">http:\/\/manufacture.coop\/wiki-fabriqueegalite\/?PagePrincipale<\/a>","_fr_post_name":"fabriquer-legalite","_fr_post_excerpt":"","_fr_post_title":"Fabriquer l'\u00e9galit\u00e9","_en_post_content":"","_en_post_name":"","_en_post_excerpt":"","_en_post_title":"","edit_language":"en","footnotes":""},"categories":[6],"tags":[],"class_list":["post-1636","post","type-post","status-publish","format-standard","hentry","category-archives"],"_links":{"self":[{"href":"https:\/\/societesplurielles.fr\/en\/wp-json\/wp\/v2\/posts\/1636","targetHints":{"allow":["GET"]}}],"collection":[{"href":"https:\/\/societesplurielles.fr\/en\/wp-json\/wp\/v2\/posts"}],"about":[{"href":"https:\/\/societesplurielles.fr\/en\/wp-json\/wp\/v2\/types\/post"}],"author":[{"embeddable":true,"href":"https:\/\/societesplurielles.fr\/en\/wp-json\/wp\/v2\/users\/1"}],"replies":[{"embeddable":true,"href":"https:\/\/societesplurielles.fr\/en\/wp-json\/wp\/v2\/comments?post=1636"}],"version-history":[{"count":5,"href":"https:\/\/societesplurielles.fr\/en\/wp-json\/wp\/v2\/posts\/1636\/revisions"}],"predecessor-version":[{"id":1638,"href":"https:\/\/societesplurielles.fr\/en\/wp-json\/wp\/v2\/posts\/1636\/revisions\/1638"}],"wp:attachment":[{"href":"https:\/\/societesplurielles.fr\/en\/wp-json\/wp\/v2\/media?parent=1636"}],"wp:term":[{"taxonomy":"category","embeddable":true,"href":"https:\/\/societesplurielles.fr\/en\/wp-json\/wp\/v2\/categories?post=1636"},{"taxonomy":"post_tag","embeddable":true,"href":"https:\/\/societesplurielles.fr\/en\/wp-json\/wp\/v2\/tags?post=1636"}],"curies":[{"name":"wp","href":"https:\/\/api.w.org\/{rel}","templated":true}]}}