{"id":1648,"date":"2018-05-23T11:03:44","date_gmt":"2018-05-23T09:03:44","guid":{"rendered":"http:\/\/societesplurielles.fr\/fr\/?p=1648"},"modified":"2018-06-11T19:32:02","modified_gmt":"2018-06-11T17:32:02","slug":"","status":"publish","type":"post","link":"https:\/\/societesplurielles.fr\/en\/publication-figure-consommateur-immigre-europe\/","title":{"rendered":"","raw":""},"content":{"rendered":"","protected":false,"raw":""},"excerpt":{"rendered":"","protected":false,"raw":""},"author":1,"featured_media":0,"comment_status":"closed","ping_status":"closed","sticky":false,"template":"","format":"standard","meta":{"_fr_post_content":"De 18h\u00e0 20h dans les Salons de l'INALCO\r\n\r\n2 rue de Lille, 75007 Paris,\r\n\r\nen pr\u00e9sence des auteurs\r\n\r\n<em>Ouvrage dirig\u00e9 par Virginie Silhouette-Dercourt, Maren\u00a0M\u00f6hring et Marie Poinsot<\/em>\r\n\r\nhttps:\/\/www.youtube.com\/watch?v=Uzgl9cg47oU\r\n\r\nUne invitation \u00e0 d\u00e9couvrir les recherches men\u00e9es en France et en Allemagne sur la th\u00e9matique du consommateur immigr\u00e9.\u00a0Cet ouvrage vise \u00e0 documenter une s\u00e9rie d\u2019\u00e9changes scientifiques franco\u2011allemands qui se sont d\u00e9roul\u00e9s entre 2015 et 2017 sur la figure du consommateur immigr\u00e9. \u00c0 travers cinq rencontres, l\u2019ambition \u00e9tait de faire \u00e9merger un nouveau champs de recherche, croisant deux th\u00e9matiques traditionnellement abord\u00e9es s\u00e9par\u00e9ment - celle des migrations d\u2019une part, et celle de la consommation d\u2019autre part - et de faire dialoguer des historiographies qui se connaissent peu ou pas du tout du fait de la barri\u00e8re de la langue et du manque de r\u00e9ception des travaux existants.\r\n\r\nPour en savoir plus, consulter le sommaire et acheter le livre, rendez-vous sur le site des <a href=\"https:\/\/mailchi.mp\/90e11d3bfba0\/parution-la-figure-du-consommateur-immigr-en-europe-20387?e=[UNIQID]\" target=\"_blank\">Presses de l'INALCO<\/a>.\r\n\r\n&nbsp;\r\n\r\n&nbsp;\r\n\r\n&nbsp;\r\n\r\n&nbsp;","_fr_post_name":"publication-figure-consommateur-immigre-europe","_fr_post_excerpt":"","_fr_post_title":"La figure du consommateur immigr\u00e9 en Europe, Pr\u00e9sentation de l'ouvrage aux Presses de l'Inalco","_en_post_content":"","_en_post_name":"","_en_post_excerpt":"","_en_post_title":"","edit_language":"en","footnotes":""},"categories":[12],"tags":[],"class_list":["post-1648","post","type-post","status-publish","format-standard","hentry","category-a-venir"],"_links":{"self":[{"href":"https:\/\/societesplurielles.fr\/en\/wp-json\/wp\/v2\/posts\/1648","targetHints":{"allow":["GET"]}}],"collection":[{"href":"https:\/\/societesplurielles.fr\/en\/wp-json\/wp\/v2\/posts"}],"about":[{"href":"https:\/\/societesplurielles.fr\/en\/wp-json\/wp\/v2\/types\/post"}],"author":[{"embeddable":true,"href":"https:\/\/societesplurielles.fr\/en\/wp-json\/wp\/v2\/users\/1"}],"replies":[{"embeddable":true,"href":"https:\/\/societesplurielles.fr\/en\/wp-json\/wp\/v2\/comments?post=1648"}],"version-history":[{"count":11,"href":"https:\/\/societesplurielles.fr\/en\/wp-json\/wp\/v2\/posts\/1648\/revisions"}],"predecessor-version":[{"id":1651,"href":"https:\/\/societesplurielles.fr\/en\/wp-json\/wp\/v2\/posts\/1648\/revisions\/1651"}],"wp:attachment":[{"href":"https:\/\/societesplurielles.fr\/en\/wp-json\/wp\/v2\/media?parent=1648"}],"wp:term":[{"taxonomy":"category","embeddable":true,"href":"https:\/\/societesplurielles.fr\/en\/wp-json\/wp\/v2\/categories?post=1648"},{"taxonomy":"post_tag","embeddable":true,"href":"https:\/\/societesplurielles.fr\/en\/wp-json\/wp\/v2\/tags?post=1648"}],"curies":[{"name":"wp","href":"https:\/\/api.w.org\/{rel}","templated":true}]}}