{"id":1691,"date":"2018-06-15T09:35:27","date_gmt":"2018-06-15T07:35:27","guid":{"rendered":"http:\/\/societesplurielles.fr\/fr\/?p=1691"},"modified":"2018-06-15T11:49:27","modified_gmt":"2018-06-15T09:49:27","slug":"","status":"publish","type":"post","link":"https:\/\/societesplurielles.fr\/en\/journee-detudes-discours-langues-migrations-regards-pluridisciplinaires\/","title":{"rendered":"","raw":""},"content":{"rendered":"","protected":false,"raw":""},"excerpt":{"rendered":"","protected":false,"raw":""},"author":1,"featured_media":0,"comment_status":"closed","ping_status":"closed","sticky":false,"template":"","format":"standard","meta":{"_fr_post_content":"<strong>Journ\u00e9e d'\u00e9tudes organis\u00e9e par\u00a0Laurence Le Ferrec et Marie Veniard (Laboratoire EDA) avec le soutien de l\u2019Universit\u00e9 Paris Descartes et du Programme interdisciplinaire Soci\u00e9t\u00e9s Plurielles (USPC)<\/strong>\r\n\r\n<span style=\"text-decoration: underline;\">Lieu<\/span>: \u00a0Amphith\u00e9\u00e2tre Durkheim,\u00a0Universit\u00e9 Paris 1 Panth\u00e9on-Sorbonne,\u00a01 rue Victor Cousin (entr\u00e9e par la place de la Sorbonne) ou bien 12 rue Cujas, 75005 Paris.\r\n\r\n<span style=\"text-decoration: underline;\">Horaires<\/span>: 9h30-17h30 (voir programme ci-dessous)\r\n\r\nCette journ\u00e9e vise, en croisant les perspectives de diff\u00e9rentes disciplines, \u00e0 d\u00e9crire les interactions entre discours et migration sous les deux aspects de la construction sociale du fait migratoire et de l\u2019 \u00ab int\u00e9gration linguistique \u00bb, gr\u00e2ce \u00e0 des interventions de chercheurs issus des champs de la sociolinguistique, de la didactique, de l\u2019analyse du discours, de l\u2019anthropologie du langage et de l\u2019anthropologie.\r\n\r\nLa matin\u00e9e est con\u00e7ue comme un parcours en trois temps qui nous m\u00e8nera du discours propre des acteurs \u00e0 travers l\u2019\u00e9tude des r\u00e9cits de migration, puis \u00e0 l\u2019interaction des migrants arrivant en France avec les diff\u00e9rentes associations d\u2019accueil, et enfin, aux discours, perceptions et pratiques langagi\u00e8res qui caract\u00e9risent, aujourd\u2019hui, le rapport de la France \u00e0 la pluralit\u00e9 d\u00e9mographique et linguistique. L\u2019apr\u00e8s-midi portera sur des questions didactiques \u00e0 partir d\u2019une interrogation sur la nature et les enjeux de \u00ab l\u2019int\u00e9gration linguistique \u00bb. Les interventions aborderont les d\u00e9veloppements r\u00e9cents de la formation linguistique des publics dits \u00ab migrants \u00bb, devant apprendre la langue du pays d\u2019accueil et se trouvant dans diff\u00e9rents contextes de mobilit\u00e9, et interrogeront notamment le r\u00f4le du travail et de l\u2019oral dans l\u2019acquisition de la langue seconde.\r\n\r\nDe ces \u00e9changes, on attend une meilleure compr\u00e9hension du d\u00e9bat social actuel \u00e0 propos de l\u2019insertion sociale des migrants, mais aussi des personnes install\u00e9es en France depuis parfois plusieurs g\u00e9n\u00e9rations.\r\n<pre><a href=\"http:\/\/societesplurielles.fr\/wp-content\/uploads\/2018\/06\/Discours-langues-migrations_29_juin_2018.pdf\">Discours-langues-migrations_29_juin_2018<\/a><\/pre>","_fr_post_name":"journee-detudes-discours-langues-migrations-regards-pluridisciplinaires","_fr_post_excerpt":"","_fr_post_title":"Journ\u00e9e d'\u00e9tudes \"Discours, langues et migrations: regards pluridisciplinaires\"","_en_post_content":"","_en_post_name":"","_en_post_excerpt":"","_en_post_title":"","edit_language":"en","footnotes":""},"categories":[12],"tags":[],"class_list":["post-1691","post","type-post","status-publish","format-standard","hentry","category-a-venir"],"_links":{"self":[{"href":"https:\/\/societesplurielles.fr\/en\/wp-json\/wp\/v2\/posts\/1691","targetHints":{"allow":["GET"]}}],"collection":[{"href":"https:\/\/societesplurielles.fr\/en\/wp-json\/wp\/v2\/posts"}],"about":[{"href":"https:\/\/societesplurielles.fr\/en\/wp-json\/wp\/v2\/types\/post"}],"author":[{"embeddable":true,"href":"https:\/\/societesplurielles.fr\/en\/wp-json\/wp\/v2\/users\/1"}],"replies":[{"embeddable":true,"href":"https:\/\/societesplurielles.fr\/en\/wp-json\/wp\/v2\/comments?post=1691"}],"version-history":[{"count":10,"href":"https:\/\/societesplurielles.fr\/en\/wp-json\/wp\/v2\/posts\/1691\/revisions"}],"predecessor-version":[{"id":1703,"href":"https:\/\/societesplurielles.fr\/en\/wp-json\/wp\/v2\/posts\/1691\/revisions\/1703"}],"wp:attachment":[{"href":"https:\/\/societesplurielles.fr\/en\/wp-json\/wp\/v2\/media?parent=1691"}],"wp:term":[{"taxonomy":"category","embeddable":true,"href":"https:\/\/societesplurielles.fr\/en\/wp-json\/wp\/v2\/categories?post=1691"},{"taxonomy":"post_tag","embeddable":true,"href":"https:\/\/societesplurielles.fr\/en\/wp-json\/wp\/v2\/tags?post=1691"}],"curies":[{"name":"wp","href":"https:\/\/api.w.org\/{rel}","templated":true}]}}