{"id":380,"date":"2014-12-09T06:24:28","date_gmt":"2014-12-09T05:24:28","guid":{"rendered":"http:\/\/localhost\/www\/SP-dev\/?p=380"},"modified":"2016-06-09T15:33:47","modified_gmt":"2016-06-09T13:33:47","slug":"","status":"publish","type":"post","link":"https:\/\/societesplurielles.fr\/en\/langue-langage-et-fabrique-de-la-realite\/","title":{"rendered":"","raw":""},"content":{"rendered":"","protected":false,"raw":""},"excerpt":{"rendered":"","protected":false,"raw":""},"author":1,"featured_media":0,"comment_status":"closed","ping_status":"closed","sticky":false,"template":"","format":"standard","meta":{"_fr_post_content":"<strong>S\u00e9minaire transversal organis\u00e9 par Soci\u00e9t\u00e9s plurielles \u00e0 l'INALCO<\/strong>\r\n\r\n[embed]https:\/\/www.youtube.com\/watch?v=-TXFfxeaWZk[\/embed]\r\n\r\n[embed]https:\/\/www.youtube.com\/watch?v=evx974C0ncA[\/embed]","_fr_post_name":"langue-langage-et-fabrique-de-la-realite","_fr_post_excerpt":"","_fr_post_title":"Langue, langage et fabrique de la r\u00e9alit\u00e9","_en_post_content":"","_en_post_name":"","_en_post_excerpt":"","_en_post_title":"","edit_language":"en","footnotes":""},"categories":[6,11],"tags":[],"class_list":["post-380","post","type-post","status-publish","format-standard","hentry","category-archives","category-videos"],"_links":{"self":[{"href":"https:\/\/societesplurielles.fr\/en\/wp-json\/wp\/v2\/posts\/380","targetHints":{"allow":["GET"]}}],"collection":[{"href":"https:\/\/societesplurielles.fr\/en\/wp-json\/wp\/v2\/posts"}],"about":[{"href":"https:\/\/societesplurielles.fr\/en\/wp-json\/wp\/v2\/types\/post"}],"author":[{"embeddable":true,"href":"https:\/\/societesplurielles.fr\/en\/wp-json\/wp\/v2\/users\/1"}],"replies":[{"embeddable":true,"href":"https:\/\/societesplurielles.fr\/en\/wp-json\/wp\/v2\/comments?post=380"}],"version-history":[{"count":8,"href":"https:\/\/societesplurielles.fr\/en\/wp-json\/wp\/v2\/posts\/380\/revisions"}],"predecessor-version":[{"id":555,"href":"https:\/\/societesplurielles.fr\/en\/wp-json\/wp\/v2\/posts\/380\/revisions\/555"}],"wp:attachment":[{"href":"https:\/\/societesplurielles.fr\/en\/wp-json\/wp\/v2\/media?parent=380"}],"wp:term":[{"taxonomy":"category","embeddable":true,"href":"https:\/\/societesplurielles.fr\/en\/wp-json\/wp\/v2\/categories?post=380"},{"taxonomy":"post_tag","embeddable":true,"href":"https:\/\/societesplurielles.fr\/en\/wp-json\/wp\/v2\/tags?post=380"}],"curies":[{"name":"wp","href":"https:\/\/api.w.org\/{rel}","templated":true}]}}