{"id":391,"date":"2016-04-25T07:01:39","date_gmt":"2016-04-25T05:01:39","guid":{"rendered":"http:\/\/localhost\/www\/SP-dev\/?p=391"},"modified":"2017-10-12T16:02:05","modified_gmt":"2017-10-12T14:02:05","slug":"","status":"publish","type":"post","link":"https:\/\/societesplurielles.fr\/en\/revue-societes-plurielles-appel-a-contributions\/","title":{"rendered":"","raw":""},"content":{"rendered":"","protected":false,"raw":""},"excerpt":{"rendered":"","protected":false,"raw":""},"author":1,"featured_media":0,"comment_status":"closed","ping_status":"closed","sticky":false,"template":"","format":"standard","meta":{"_fr_post_content":"<h2>Appel \u00e0 contributions<\/h2>\r\n<p style=\"padding-left: 30px;\"><strong>Pour le num\u00e9ro 2 de la revue :\r\n\u00ab \u00c9pist\u00e9mologies du pluriel \u00bb<\/strong><\/p>\r\nRevue n\u00e9e d\u2019un programme interdisciplinaire du PRES Sorbonne-Paris-Cit\u00e9, la revue Soci\u00e9t\u00e9s plurielles, apr\u00e8s un premier num\u00e9ro consacr\u00e9 aux sciences humaines et sociales \u00e0 l\u2019\u00e9preuve de l\u2019\u00e9v\u00e9nement, souhaite publier un second num\u00e9ro fondateur par sa vis\u00e9e \u00e9pist\u00e9mologique.\u2028 Ici, \u00ab pluriel \u00bb est entendu dans une acception large, comme discontinuit\u00e9 observable dans un espace-temps social donn\u00e9. Ces discontinuit\u00e9s peuvent \u00eatre le r\u00e9sultat de la mobilit\u00e9 humaine, ou intrins\u00e8ques \u00e0 la soci\u00e9t\u00e9 ; elles peuvent s\u2019inscrire dans la synchronie ou pr\u00e9senter un caract\u00e8re \u00e9volutif ; elles peuvent s\u2019exprimer dans le registre des formes symboliques (religion, langue, art, etc.) ou dans le registre temporel (les multiples trajectoires d\u2019un m\u00eame ph\u00e9nom\u00e8ne historique) ; enfin ces discontinuit\u00e9s rev\u00eatent une dimension axiologique lorsqu\u2019elles emportent l\u2019adh\u00e9sion ou deviennent un objectif \u00e0 atteindre (et dans ce cas on parle de pluralisme comme valeur d\u00e9mocratique) ou, au contraire, lorsque le discontinu et la diversit\u00e9 engendrent rejet et marginalisation. Cette d\u00e9finition, pour ne pas \u00e9puiser le contenu de la notion de \u00ab pluriel \u00bb, d\u00e9ploie autant de probl\u00e9matiques et d\u2019angles de vue que le programme Soci\u00e9t\u00e9s plurielles entend en aborder.\r\n\r\nDans ce cadre, ce num\u00e9ro vise \u00e0 comprendre comment les diverses sciences humaines et sociales abordent la question du \u00ab pluriel \u00bb dans les soci\u00e9t\u00e9s. \u00c0 partir de quels mat\u00e9riaux, de quels types de sources ? Avec quels concepts, quels paradigmes, quels outils, quelles m\u00e9thodes d\u2019analyse ? La confrontation des apports des disciplines repr\u00e9sent\u00e9es au sein de ce num\u00e9ro permettra d\u2019identifier les ponts pouvant \u00eatre \u00e9tablis entre les divers champs de la recherche, et comment ceux-ci peuvent s\u2019enrichir mutuellement.\u2028Cet appel \u00e0 contributions s\u2019adresse \u00e0 tous les chercheurs souhaitant s\u2019exprimer sur cette question, notamment les membres du programme Soci\u00e9t\u00e9s plurielles qui pourront enrichir tout ou partie des documents \u00e9labor\u00e9s lors de la construction du projet scientifique du programme.\r\n\r\n<strong>Calendrier\r\n<\/strong>R\u00e9ception des propositions d\u2019articles (notes d\u2019intention libres de 500 mots) : 1er f\u00e9vrier 2016\r\nR\u00e9ception des articles r\u00e9dig\u00e9s (60 000 signes) : 30 mai 2016\r\nParution du num\u00e9ro : fin 2016\r\n\r\n<strong>Contact\r\n<\/strong>Gabrielle Chomentowski, Secr\u00e9taire de r\u00e9daction de la revue Soci\u00e9t\u00e9s plurielles\r\nprogrammesp@gmail.com\r\n<pre><strong><img class=\"alignleft wp-image-366\" src=\"http:\/\/societesplurielles.fr\/wp-content\/uploads\/2016\/05\/pdf-icon.png\" alt=\"pdf-icon\" width=\"48\" height=\"48\" \/>\r\n <\/strong><a href=\"http:\/\/societesplurielles.fr\/wp-content\/uploads\/2016\/06\/Instructions-auteurs-SP.pdf\" target=\"_blank\"><strong>T\u00e9l\u00e9chargez les instructions aux auteurs<\/strong><\/a><\/pre>\r\n<h2>Call for contributions<\/h2>\r\n<p style=\"padding-left: 30px;\"><strong>Issue n\u00b0 2:\r\n\"Epistemologies of plurality\"<\/strong><\/p>\r\nBorn out of the PRES Sorbonne-Paris-Cit\u00e9 (Sorbonne-Paris-Cit\u00e9 Centre for Research and Higher Education) interdisciplinary programme, and after a first issue devoted to the humanities and social sciences put to the test of the event, the Soci\u00e9t\u00e9s plurielles journal wishes to publish a second issue that is founding in its epistemological scope. Here, \u201cplural\u201d is understood in its broad sense, as a discontinuity that can be observed in a given social time-space. Discontinuities may be the result of human mobility, or intrinsic to society; they may be inscribed in synchrony, or present an evolutive character; they may be expressed in the register of symbolic forms (religion, language, art, etc.), or in the register of the temporal (the multiple trajectories of a same historical phenomenon); finally, discontinuities take on an axiological dimension when they gain adhesion or become an objective to be obtained (in such cases, pluralism is referred to as a democratic value), or, on the contrary, when the discontinuous and diversity trigger rejection and marginalization. To not exhaust the scope of the notion of \u201cplural\u201d, this definition embraces as many possible questions and angles that the Soci\u00e9t\u00e9s plurielles programme intends to address.\r\n\r\nIn this framework, this issue seeks to understand how the different humanities and social sciences approach the question of \u00ab plurality\u201d in societies. Using what material, what types of source? With what concepts, paradigms, tools and methods of analysis? Confronting the contributions that the disciplines represented in this issue make will make it possible to identify the bridges that might be established between the different fields of research, and how these may mutually enrich one another.\r\n\r\nArticles may be submitted in English, French, Italian or German.\r\n\r\nAll proposals will be assessed by two professor-researchers before submission to the journal\u2019s editorial team for final approval. See modalities on the programme and journal website: http:\/\/societesplurielles.fr\/\r\n\r\n<strong>Schedule<\/strong>\r\nDeadline for proposals (500 words) : 1 February, 2016\r\nDeadline for completed articles (60 000 characters) : 30 May, 2016\r\nPublication: end 2016\r\n\r\n<strong>Contact<\/strong>\r\nGabrielle Chomentowski, Soci\u00e9t\u00e9s plurielles sub-editor:\r\ncontact@societesplurielles.fr\r\n<pre><strong><img class=\"alignleft wp-image-366\" src=\"http:\/\/societesplurielles.fr\/wp-content\/uploads\/2016\/05\/pdf-icon.png\" alt=\"pdf-icon\" width=\"48\" height=\"48\" \/> \r\n<\/strong><strong><a href=\"http:\/\/societesplurielles.fr\/wp-content\/uploads\/2016\/06\/Instructions-auteurs-SP.pdf\" target=\"_blank\">Please download instructions for authors<\/a><\/strong><\/pre>","_fr_post_name":"revue-societes-plurielles-appel-a-contributions","_fr_post_excerpt":"","_fr_post_title":"Revue \u00ab Soci\u00e9t\u00e9s plurielles \u00bb \u2013 Appel \u00e0 contributions","_en_post_content":"","_en_post_name":"","_en_post_excerpt":"","_en_post_title":"","edit_language":"en","footnotes":""},"categories":[6],"tags":[],"class_list":["post-391","post","type-post","status-publish","format-standard","hentry","category-archives"],"_links":{"self":[{"href":"https:\/\/societesplurielles.fr\/en\/wp-json\/wp\/v2\/posts\/391","targetHints":{"allow":["GET"]}}],"collection":[{"href":"https:\/\/societesplurielles.fr\/en\/wp-json\/wp\/v2\/posts"}],"about":[{"href":"https:\/\/societesplurielles.fr\/en\/wp-json\/wp\/v2\/types\/post"}],"author":[{"embeddable":true,"href":"https:\/\/societesplurielles.fr\/en\/wp-json\/wp\/v2\/users\/1"}],"replies":[{"embeddable":true,"href":"https:\/\/societesplurielles.fr\/en\/wp-json\/wp\/v2\/comments?post=391"}],"version-history":[{"count":12,"href":"https:\/\/societesplurielles.fr\/en\/wp-json\/wp\/v2\/posts\/391\/revisions"}],"predecessor-version":[{"id":1498,"href":"https:\/\/societesplurielles.fr\/en\/wp-json\/wp\/v2\/posts\/391\/revisions\/1498"}],"wp:attachment":[{"href":"https:\/\/societesplurielles.fr\/en\/wp-json\/wp\/v2\/media?parent=391"}],"wp:term":[{"taxonomy":"category","embeddable":true,"href":"https:\/\/societesplurielles.fr\/en\/wp-json\/wp\/v2\/categories?post=391"},{"taxonomy":"post_tag","embeddable":true,"href":"https:\/\/societesplurielles.fr\/en\/wp-json\/wp\/v2\/tags?post=391"}],"curies":[{"name":"wp","href":"https:\/\/api.w.org\/{rel}","templated":true}]}}