{"id":528,"date":"2015-01-18T08:05:08","date_gmt":"2015-01-18T07:05:08","guid":{"rendered":"http:\/\/localhost\/www\/SP-dev\/?p=528"},"modified":"2016-06-13T22:02:50","modified_gmt":"2016-06-13T20:02:50","slug":"","status":"publish","type":"post","link":"https:\/\/societesplurielles.fr\/en\/vers-des-societes-post-migratoires\/","title":{"rendered":"","raw":""},"content":{"rendered":"","protected":false,"raw":""},"excerpt":{"rendered":"","protected":false,"raw":""},"author":1,"featured_media":0,"comment_status":"closed","ping_status":"closed","sticky":false,"template":"","format":"standard","meta":{"_fr_post_content":"<strong>Vers des soci\u00e9t\u00e9s post-migratoires ? Regards franco-allemands sur les migrations<\/strong>\r\n\r\nTable ronde, Institut fran\u00e7ais de Berlin, mod\u00e9r\u00e9e par Virginie Silhouette-Dercourt (CEPN \/ CBM)\r\n<pre><strong><a href=\"http:\/\/societesplurielles.fr\/wp-content\/uploads\/2016\/06\/Vers_soci\u00e9t\u00e9s_post-migratoires_Programme.pdf\" target=\"_blank\">Affiche du programme<\/a><\/strong><\/pre>","_fr_post_name":"vers-des-societes-post-migratoires","_fr_post_excerpt":"","_fr_post_title":"Vers des soci\u00e9t\u00e9s post-migratoires ?","_en_post_content":"","_en_post_name":"","_en_post_excerpt":"","_en_post_title":"","edit_language":"en","footnotes":""},"categories":[6],"tags":[],"class_list":["post-528","post","type-post","status-publish","format-standard","hentry","category-archives"],"_links":{"self":[{"href":"https:\/\/societesplurielles.fr\/en\/wp-json\/wp\/v2\/posts\/528","targetHints":{"allow":["GET"]}}],"collection":[{"href":"https:\/\/societesplurielles.fr\/en\/wp-json\/wp\/v2\/posts"}],"about":[{"href":"https:\/\/societesplurielles.fr\/en\/wp-json\/wp\/v2\/types\/post"}],"author":[{"embeddable":true,"href":"https:\/\/societesplurielles.fr\/en\/wp-json\/wp\/v2\/users\/1"}],"replies":[{"embeddable":true,"href":"https:\/\/societesplurielles.fr\/en\/wp-json\/wp\/v2\/comments?post=528"}],"version-history":[{"count":4,"href":"https:\/\/societesplurielles.fr\/en\/wp-json\/wp\/v2\/posts\/528\/revisions"}],"predecessor-version":[{"id":760,"href":"https:\/\/societesplurielles.fr\/en\/wp-json\/wp\/v2\/posts\/528\/revisions\/760"}],"wp:attachment":[{"href":"https:\/\/societesplurielles.fr\/en\/wp-json\/wp\/v2\/media?parent=528"}],"wp:term":[{"taxonomy":"category","embeddable":true,"href":"https:\/\/societesplurielles.fr\/en\/wp-json\/wp\/v2\/categories?post=528"},{"taxonomy":"post_tag","embeddable":true,"href":"https:\/\/societesplurielles.fr\/en\/wp-json\/wp\/v2\/tags?post=528"}],"curies":[{"name":"wp","href":"https:\/\/api.w.org\/{rel}","templated":true}]}}