{"id":546,"date":"2015-02-03T08:41:59","date_gmt":"2015-02-03T07:41:59","guid":{"rendered":"http:\/\/localhost\/www\/SP-dev\/?p=546"},"modified":"2016-06-09T15:33:38","modified_gmt":"2016-06-09T13:33:38","slug":"","status":"publish","type":"post","link":"https:\/\/societesplurielles.fr\/en\/la-cooperative-et-la-recherche-action-2\/","title":{"rendered":"","raw":""},"content":{"rendered":"","protected":false,"raw":""},"excerpt":{"rendered":"","protected":false,"raw":""},"author":1,"featured_media":0,"comment_status":"closed","ping_status":"closed","sticky":false,"template":"","format":"standard","meta":{"_fr_post_content":"<strong>S\u00e9minaire transversal organis\u00e9 par Soci\u00e9t\u00e9s plurielles \u00e0 l\u2019INALCO<\/strong>\r\n\r\n[embed]https:\/\/www.youtube.com\/watch?v=3I47IWmh-xE[\/embed]\r\n\r\n[embed]https:\/\/www.youtube.com\/watch?v=BSyX9d849Rs[\/embed]","_fr_post_name":"la-cooperative-et-la-recherche-action-2","_fr_post_excerpt":"","_fr_post_title":"La coop\u00e9rative et la recherche action","_en_post_content":"","_en_post_name":"","_en_post_excerpt":"","_en_post_title":"","edit_language":"en","footnotes":""},"categories":[6,11],"tags":[],"class_list":["post-546","post","type-post","status-publish","format-standard","hentry","category-archives","category-videos"],"_links":{"self":[{"href":"https:\/\/societesplurielles.fr\/en\/wp-json\/wp\/v2\/posts\/546","targetHints":{"allow":["GET"]}}],"collection":[{"href":"https:\/\/societesplurielles.fr\/en\/wp-json\/wp\/v2\/posts"}],"about":[{"href":"https:\/\/societesplurielles.fr\/en\/wp-json\/wp\/v2\/types\/post"}],"author":[{"embeddable":true,"href":"https:\/\/societesplurielles.fr\/en\/wp-json\/wp\/v2\/users\/1"}],"replies":[{"embeddable":true,"href":"https:\/\/societesplurielles.fr\/en\/wp-json\/wp\/v2\/comments?post=546"}],"version-history":[{"count":2,"href":"https:\/\/societesplurielles.fr\/en\/wp-json\/wp\/v2\/posts\/546\/revisions"}],"predecessor-version":[{"id":554,"href":"https:\/\/societesplurielles.fr\/en\/wp-json\/wp\/v2\/posts\/546\/revisions\/554"}],"wp:attachment":[{"href":"https:\/\/societesplurielles.fr\/en\/wp-json\/wp\/v2\/media?parent=546"}],"wp:term":[{"taxonomy":"category","embeddable":true,"href":"https:\/\/societesplurielles.fr\/en\/wp-json\/wp\/v2\/categories?post=546"},{"taxonomy":"post_tag","embeddable":true,"href":"https:\/\/societesplurielles.fr\/en\/wp-json\/wp\/v2\/tags?post=546"}],"curies":[{"name":"wp","href":"https:\/\/api.w.org\/{rel}","templated":true}]}}