{"id":580,"date":"2014-11-09T19:35:58","date_gmt":"2014-11-09T18:35:58","guid":{"rendered":"http:\/\/localhost\/www\/SP-dev\/?p=580"},"modified":"2016-06-09T19:38:24","modified_gmt":"2016-06-09T17:38:24","slug":"","status":"publish","type":"post","link":"https:\/\/societesplurielles.fr\/en\/nationalisme-methodologique-epistemologie-de-la-reduction-du-pluralisme\/","title":{"rendered":"","raw":""},"content":{"rendered":"","protected":false,"raw":""},"excerpt":{"rendered":"","protected":false,"raw":""},"author":1,"featured_media":0,"comment_status":"closed","ping_status":"closed","sticky":false,"template":"","format":"standard","meta":{"_fr_post_content":"<strong>S\u00e9minaire de Speranta Dumitru et Vincenzo Cicchelli<\/strong>\r\n\r\nVid\u00e9o en attente de publication","_fr_post_name":"nationalisme-methodologique-epistemologie-de-la-reduction-du-pluralisme","_fr_post_excerpt":"","_fr_post_title":"Nationalisme m\u00e9thodologique \u2013 \u00e9pist\u00e9mologie de la r\u00e9duction du pluralisme","_en_post_content":"","_en_post_name":"","_en_post_excerpt":"","_en_post_title":"","edit_language":"en","footnotes":""},"categories":[6,11],"tags":[],"class_list":["post-580","post","type-post","status-publish","format-standard","hentry","category-archives","category-videos"],"_links":{"self":[{"href":"https:\/\/societesplurielles.fr\/en\/wp-json\/wp\/v2\/posts\/580","targetHints":{"allow":["GET"]}}],"collection":[{"href":"https:\/\/societesplurielles.fr\/en\/wp-json\/wp\/v2\/posts"}],"about":[{"href":"https:\/\/societesplurielles.fr\/en\/wp-json\/wp\/v2\/types\/post"}],"author":[{"embeddable":true,"href":"https:\/\/societesplurielles.fr\/en\/wp-json\/wp\/v2\/users\/1"}],"replies":[{"embeddable":true,"href":"https:\/\/societesplurielles.fr\/en\/wp-json\/wp\/v2\/comments?post=580"}],"version-history":[{"count":1,"href":"https:\/\/societesplurielles.fr\/en\/wp-json\/wp\/v2\/posts\/580\/revisions"}],"predecessor-version":[{"id":581,"href":"https:\/\/societesplurielles.fr\/en\/wp-json\/wp\/v2\/posts\/580\/revisions\/581"}],"wp:attachment":[{"href":"https:\/\/societesplurielles.fr\/en\/wp-json\/wp\/v2\/media?parent=580"}],"wp:term":[{"taxonomy":"category","embeddable":true,"href":"https:\/\/societesplurielles.fr\/en\/wp-json\/wp\/v2\/categories?post=580"},{"taxonomy":"post_tag","embeddable":true,"href":"https:\/\/societesplurielles.fr\/en\/wp-json\/wp\/v2\/tags?post=580"}],"curies":[{"name":"wp","href":"https:\/\/api.w.org\/{rel}","templated":true}]}}