{"id":590,"date":"2015-05-15T20:24:24","date_gmt":"2015-05-15T18:24:24","guid":{"rendered":"http:\/\/localhost\/www\/SP-dev\/?p=590"},"modified":"2017-04-25T18:17:38","modified_gmt":"2017-04-25T16:17:38","slug":"","status":"publish","type":"post","link":"https:\/\/societesplurielles.fr\/en\/les-imaginaires-migratoires-au-cinema-temporalites-territoires-et-identites\/","title":{"rendered":"","raw":""},"content":{"rendered":"","protected":false,"raw":""},"excerpt":{"rendered":"","protected":false,"raw":""},"author":1,"featured_media":0,"comment_status":"closed","ping_status":"closed","sticky":false,"template":"","format":"standard","meta":{"_fr_post_content":"<strong>Journ\u00e9e d\u2019\u00e9tudes organis\u00e9e par Delphine Pag\u00e8s-El Karoui (INALCO\/ URMIS), St\u00e9phane Sawas (INALCO), Yvan Gastaut (URMIS), Thomas Lacroix (Migrinter)<\/strong>\r\n\r\n&nbsp;\r\n<pre><a href=\"http:\/\/societesplurielles.fr\/wp-content\/uploads\/2016\/06\/prog_imag_migr_cinema1.pdf\"><strong>Consultez le programme<\/strong><\/a><\/pre>","_fr_post_name":"les-imaginaires-migratoires-au-cinema-temporalites-territoires-et-identites","_fr_post_excerpt":"","_fr_post_title":"Les imaginaires migratoires au cin\u00e9ma : temporalit\u00e9s, territoires et identit\u00e9s","_en_post_content":"","_en_post_name":"","_en_post_excerpt":"","_en_post_title":"","edit_language":"en","footnotes":""},"categories":[6],"tags":[],"class_list":["post-590","post","type-post","status-publish","format-standard","hentry","category-archives"],"_links":{"self":[{"href":"https:\/\/societesplurielles.fr\/en\/wp-json\/wp\/v2\/posts\/590","targetHints":{"allow":["GET"]}}],"collection":[{"href":"https:\/\/societesplurielles.fr\/en\/wp-json\/wp\/v2\/posts"}],"about":[{"href":"https:\/\/societesplurielles.fr\/en\/wp-json\/wp\/v2\/types\/post"}],"author":[{"embeddable":true,"href":"https:\/\/societesplurielles.fr\/en\/wp-json\/wp\/v2\/users\/1"}],"replies":[{"embeddable":true,"href":"https:\/\/societesplurielles.fr\/en\/wp-json\/wp\/v2\/comments?post=590"}],"version-history":[{"count":5,"href":"https:\/\/societesplurielles.fr\/en\/wp-json\/wp\/v2\/posts\/590\/revisions"}],"predecessor-version":[{"id":1142,"href":"https:\/\/societesplurielles.fr\/en\/wp-json\/wp\/v2\/posts\/590\/revisions\/1142"}],"wp:attachment":[{"href":"https:\/\/societesplurielles.fr\/en\/wp-json\/wp\/v2\/media?parent=590"}],"wp:term":[{"taxonomy":"category","embeddable":true,"href":"https:\/\/societesplurielles.fr\/en\/wp-json\/wp\/v2\/categories?post=590"},{"taxonomy":"post_tag","embeddable":true,"href":"https:\/\/societesplurielles.fr\/en\/wp-json\/wp\/v2\/tags?post=590"}],"curies":[{"name":"wp","href":"https:\/\/api.w.org\/{rel}","templated":true}]}}