{"id":639,"date":"2015-11-04T16:41:26","date_gmt":"2015-11-04T15:41:26","guid":{"rendered":"http:\/\/localhost\/www\/SP-dev\/?p=639"},"modified":"2016-06-22T18:13:09","modified_gmt":"2016-06-22T16:13:09","slug":"","status":"publish","type":"post","link":"https:\/\/societesplurielles.fr\/en\/interdisciplinarite-et-enjeux-societaux\/","title":{"rendered":"","raw":""},"content":{"rendered":"","protected":false,"raw":""},"excerpt":{"rendered":"","protected":false,"raw":""},"author":1,"featured_media":0,"comment_status":"closed","ping_status":"closed","sticky":false,"template":"","format":"standard","meta":{"_fr_post_content":"<strong>Les apports de la recherche interdisciplinaire aux projets \u00e0 forts enjeu soci\u00e9tal<\/strong>\r\n\r\nJourn\u00e9e d'\u00e9tude du projet transversal \u00ab La cr\u00e9ativit\u00e9 de l\u2019interdisciplinarit\u00e9 \u00bb, organis\u00e9e par Florence Mourlhon Dallies (Universit\u00e9 Paris Descartes, EDA)\r\n\r\nMatin : Salon de l'INALCO, 2 rue de Lille 75007 Paris\r\nApr\u00e8s-midi \u00e0 l'Universit\u00e9 Paris Descartes, b\u00e2timent central, 2e \u00e9tage, salle R229, 45 rue des Saint-P\u00e8res, 75006 Paris\r\n<pre><strong><a href=\"http:\/\/societesplurielles.fr\/wp-content\/uploads\/2016\/06\/colloque_manucoop_societes_plurielles.pdf\"><img class=\"alignleft size-full wp-image-366\" src=\"http:\/\/societesplurielles.fr\/wp-content\/uploads\/2016\/05\/pdf-icon-e1466586473744.png\" alt=\"pdf-icone\" width=\"48\" height=\"48\" \/><\/a><\/strong><a href=\"http:\/\/societesplurielles.fr\/wp-content\/uploads\/2016\/06\/Les-apports-de-la-recherche-interdisciplinaire1.pdf\"><strong>\r\nConsultez le programme<\/strong><\/a><\/pre>","_fr_post_name":"interdisciplinarite-et-enjeux-societaux","_fr_post_excerpt":"","_fr_post_title":"Interdisciplinarit\u00e9 et enjeux soci\u00e9taux","_en_post_content":"","_en_post_name":"","_en_post_excerpt":"","_en_post_title":"","edit_language":"en","footnotes":""},"categories":[6],"tags":[],"class_list":["post-639","post","type-post","status-publish","format-standard","hentry","category-archives"],"_links":{"self":[{"href":"https:\/\/societesplurielles.fr\/en\/wp-json\/wp\/v2\/posts\/639","targetHints":{"allow":["GET"]}}],"collection":[{"href":"https:\/\/societesplurielles.fr\/en\/wp-json\/wp\/v2\/posts"}],"about":[{"href":"https:\/\/societesplurielles.fr\/en\/wp-json\/wp\/v2\/types\/post"}],"author":[{"embeddable":true,"href":"https:\/\/societesplurielles.fr\/en\/wp-json\/wp\/v2\/users\/1"}],"replies":[{"embeddable":true,"href":"https:\/\/societesplurielles.fr\/en\/wp-json\/wp\/v2\/comments?post=639"}],"version-history":[{"count":4,"href":"https:\/\/societesplurielles.fr\/en\/wp-json\/wp\/v2\/posts\/639\/revisions"}],"predecessor-version":[{"id":917,"href":"https:\/\/societesplurielles.fr\/en\/wp-json\/wp\/v2\/posts\/639\/revisions\/917"}],"wp:attachment":[{"href":"https:\/\/societesplurielles.fr\/en\/wp-json\/wp\/v2\/media?parent=639"}],"wp:term":[{"taxonomy":"category","embeddable":true,"href":"https:\/\/societesplurielles.fr\/en\/wp-json\/wp\/v2\/categories?post=639"},{"taxonomy":"post_tag","embeddable":true,"href":"https:\/\/societesplurielles.fr\/en\/wp-json\/wp\/v2\/tags?post=639"}],"curies":[{"name":"wp","href":"https:\/\/api.w.org\/{rel}","templated":true}]}}