{"id":689,"date":"2016-06-18T17:50:25","date_gmt":"2016-06-18T15:50:25","guid":{"rendered":"http:\/\/localhost\/www\/SP-dev\/?p=689"},"modified":"2016-06-23T12:36:56","modified_gmt":"2016-06-23T10:36:56","slug":"","status":"publish","type":"post","link":"https:\/\/societesplurielles.fr\/en\/enjeux-et-politiques-de-gestion-de-la-diversite\/","title":{"rendered":"","raw":""},"content":{"rendered":"","protected":false,"raw":""},"excerpt":{"rendered":"","protected":false,"raw":""},"author":1,"featured_media":0,"comment_status":"closed","ping_status":"closed","sticky":false,"template":"","format":"standard","meta":{"_fr_post_content":"<em>Enjeux et politiques de gestion de la diversit\u00e9<\/em>, \u00e9tude r\u00e9alis\u00e9e par Amel Ben Rhouma (Universit\u00e9 Paris Descartes) et Bruce Roch (Pr\u00e9sident de l\u2019Association fran\u00e7aise des managers de la diversit\u00e9, Directeur RSE Solidarit\u00e9, Adecco Groupe France)\r\n<ul>\r\n \t<li><a href=\"http:\/\/societesplurielles.fr\/wp-content\/uploads\/2016\/06\/Pr\u00e9sentation-de-l\u00e9tude-Enjeux-et-politiques-de-gestion-de-la-diversit\u00e9.pdf\">Pr\u00e9sentation de l\u2019\u00e9tude<\/a><\/li>\r\n \t<li><a href=\"http:\/\/societesplurielles.fr\/wp-content\/uploads\/2016\/06\/M\u00e9thodologie-Enjeux-et-politiques-de-gestion-de-la-diversit\u00e9.pdf\">M\u00e9thodologie et premiers r\u00e9sultats<\/a><\/li>\r\n \t<li><a href=\"http:\/\/societesplurielles.fr\/wp-content\/uploads\/2016\/05\/Diaporama-Enjeux-et-politiques-de-gestion-de-la-diversit\u00e9-dans-le-d\u00e9partement-de-lH\u00e9rault.pdf\">Support de pr\u00e9sentation<\/a><\/li>\r\n<\/ul>","_fr_post_name":"enjeux-et-politiques-de-gestion-de-la-diversite","_fr_post_excerpt":"","_fr_post_title":"Enjeux et politiques de gestion de la diversit\u00e9","_en_post_content":"","_en_post_name":"","_en_post_excerpt":"","_en_post_title":"","edit_language":"en","footnotes":""},"categories":[12,6],"tags":[],"class_list":["post-689","post","type-post","status-publish","format-standard","hentry","category-a-venir","category-archives"],"_links":{"self":[{"href":"https:\/\/societesplurielles.fr\/en\/wp-json\/wp\/v2\/posts\/689","targetHints":{"allow":["GET"]}}],"collection":[{"href":"https:\/\/societesplurielles.fr\/en\/wp-json\/wp\/v2\/posts"}],"about":[{"href":"https:\/\/societesplurielles.fr\/en\/wp-json\/wp\/v2\/types\/post"}],"author":[{"embeddable":true,"href":"https:\/\/societesplurielles.fr\/en\/wp-json\/wp\/v2\/users\/1"}],"replies":[{"embeddable":true,"href":"https:\/\/societesplurielles.fr\/en\/wp-json\/wp\/v2\/comments?post=689"}],"version-history":[{"count":3,"href":"https:\/\/societesplurielles.fr\/en\/wp-json\/wp\/v2\/posts\/689\/revisions"}],"predecessor-version":[{"id":772,"href":"https:\/\/societesplurielles.fr\/en\/wp-json\/wp\/v2\/posts\/689\/revisions\/772"}],"wp:attachment":[{"href":"https:\/\/societesplurielles.fr\/en\/wp-json\/wp\/v2\/media?parent=689"}],"wp:term":[{"taxonomy":"category","embeddable":true,"href":"https:\/\/societesplurielles.fr\/en\/wp-json\/wp\/v2\/categories?post=689"},{"taxonomy":"post_tag","embeddable":true,"href":"https:\/\/societesplurielles.fr\/en\/wp-json\/wp\/v2\/tags?post=689"}],"curies":[{"name":"wp","href":"https:\/\/api.w.org\/{rel}","templated":true}]}}