{"id":694,"date":"2015-07-10T18:00:35","date_gmt":"2015-07-10T16:00:35","guid":{"rendered":"http:\/\/localhost\/www\/SP-dev\/?p=694"},"modified":"2016-06-12T18:05:42","modified_gmt":"2016-06-12T16:05:42","slug":"","status":"publish","type":"post","link":"https:\/\/societesplurielles.fr\/en\/societe-plurielles-bilan-des-travaux-a-mi-parcours\/","title":{"rendered":"","raw":""},"content":{"rendered":"","protected":false,"raw":""},"excerpt":{"rendered":"","protected":false,"raw":""},"author":1,"featured_media":0,"comment_status":"closed","ping_status":"closed","sticky":false,"template":"","format":"standard","meta":{"_fr_post_content":"La journ\u00e9e d\u2019\u00e9tude transversale du programme Soci\u00e9t\u00e9s plurielles, qui s\u2019est tenue le 3 juillet 2015, a eu pour objectif d\u2019\u00e9tablir un bilan \u00e0 mi-parcours des diff\u00e9rents travaux scientifiques r\u00e9alis\u00e9s par les enseignants-chercheurs du programme. Vous trouverez en cliquant sur le titre de l\u2019atelier un r\u00e9sum\u00e9 des interventions et les perspectives de recherches :\r\n<ul>\r\n \t<li><a href=\"http:\/\/societesplurielles.fr\/wp-content\/uploads\/2016\/06\/Atelier-Le-symbolique-et-le-mat\u00e9riel-dans-les-Soci\u00e9t\u00e9s-plurielles.pdf\">Le symbolique et le mat\u00e9riel dans les Soci\u00e9t\u00e9s plurielles<\/a><\/li>\r\n \t<li><a href=\"http:\/\/societesplurielles.fr\/wp-content\/uploads\/2016\/06\/Atelier-Mobilit\u00e9s-et-enracinements.pdf\">Mobilit\u00e9s et enracinements<\/a><\/li>\r\n \t<li><a href=\"http:\/\/societesplurielles.fr\/wp-content\/uploads\/2016\/06\/Atelier-Etudier-la-diff\u00e9rence-est-ce-la-cr\u00e9er.pdf\">\u00c9tudier la diff\u00e9rence, est-ce la cr\u00e9er ?<\/a><\/li>\r\n<\/ul>","_fr_post_name":"societe-plurielles-bilan-des-travaux-a-mi-parcours","_fr_post_excerpt":"","_fr_post_title":"Soci\u00e9t\u00e9 plurielles : bilan des travaux \u00e0 mi-parcours","_en_post_content":"","_en_post_name":"","_en_post_excerpt":"","_en_post_title":"","edit_language":"en","footnotes":""},"categories":[6],"tags":[],"class_list":["post-694","post","type-post","status-publish","format-standard","hentry","category-archives"],"_links":{"self":[{"href":"https:\/\/societesplurielles.fr\/en\/wp-json\/wp\/v2\/posts\/694","targetHints":{"allow":["GET"]}}],"collection":[{"href":"https:\/\/societesplurielles.fr\/en\/wp-json\/wp\/v2\/posts"}],"about":[{"href":"https:\/\/societesplurielles.fr\/en\/wp-json\/wp\/v2\/types\/post"}],"author":[{"embeddable":true,"href":"https:\/\/societesplurielles.fr\/en\/wp-json\/wp\/v2\/users\/1"}],"replies":[{"embeddable":true,"href":"https:\/\/societesplurielles.fr\/en\/wp-json\/wp\/v2\/comments?post=694"}],"version-history":[{"count":1,"href":"https:\/\/societesplurielles.fr\/en\/wp-json\/wp\/v2\/posts\/694\/revisions"}],"predecessor-version":[{"id":698,"href":"https:\/\/societesplurielles.fr\/en\/wp-json\/wp\/v2\/posts\/694\/revisions\/698"}],"wp:attachment":[{"href":"https:\/\/societesplurielles.fr\/en\/wp-json\/wp\/v2\/media?parent=694"}],"wp:term":[{"taxonomy":"category","embeddable":true,"href":"https:\/\/societesplurielles.fr\/en\/wp-json\/wp\/v2\/categories?post=694"},{"taxonomy":"post_tag","embeddable":true,"href":"https:\/\/societesplurielles.fr\/en\/wp-json\/wp\/v2\/tags?post=694"}],"curies":[{"name":"wp","href":"https:\/\/api.w.org\/{rel}","templated":true}]}}