{"id":761,"date":"2016-05-01T22:15:44","date_gmt":"2016-05-01T20:15:44","guid":{"rendered":"http:\/\/sp.e-morin.com\/?p=761"},"modified":"2016-06-23T10:58:27","modified_gmt":"2016-06-23T08:58:27","slug":"","status":"publish","type":"post","link":"https:\/\/societesplurielles.fr\/en\/seminaire-transversal-du-programme-societes-plurielles-2\/","title":{"rendered":"","raw":""},"content":{"rendered":"","protected":false,"raw":""},"excerpt":{"rendered":"","protected":false,"raw":""},"author":1,"featured_media":0,"comment_status":"closed","ping_status":"closed","sticky":false,"template":"","format":"standard","meta":{"_fr_post_content":"Mardi 3 mai de 13h30 \u00e0 16h30 \u00e0 l'Inalco.\r\n<ul>\r\n \t<li>\u00ab Les Roms en campement: d'un habitat dispers\u00e9 en Europe de l'Est \u00e0 la logique du campement dans la friche urbaine. Itin\u00e9raires d'insertion ou d'exclusion? M\u00e9thodes et premiers r\u00e9sultats pour la France (Seine Saint-Denis) et l'Italie \u00bb, avec Liliane Crips (Universit\u00e9 Paris Diderot \/ ICT), Nicole Gabriel (Universit\u00e9 Paris Diderot \/ ICT), Alice Sophie Sarcinelli (F.R.S.-FNRS: LASC \/ ISHS, Universit\u00e9 de Li\u00e8ge) et Liliana Hristache (Association \"Rom R\u00e9ussite\")<\/li>\r\n \t<li>\u00ab Une approche micro de la r\u00e9paration du lien intersubjectif en milieu de pr\u00e9caires : constitution de donn\u00e9es d'observation (Paris) et m\u00e9thodes d'analyse \u00bb, avec Patrick Renaud (Universit\u00e9 Sorbonne Nouvelle - Paris 3 \/ RFC) et Iris Padiou (\u00e9tudiante M1 Paris 3)<\/li>\r\n<\/ul>","_fr_post_name":"seminaire-transversal-du-programme-societes-plurielles-2","_fr_post_excerpt":"","_fr_post_title":"S\u00e9minaire transversal de Soci\u00e9t\u00e9s plurielles","_en_post_content":"","_en_post_name":"","_en_post_excerpt":"","_en_post_title":"","edit_language":"en","footnotes":""},"categories":[6],"tags":[],"class_list":["post-761","post","type-post","status-publish","format-standard","hentry","category-archives"],"_links":{"self":[{"href":"https:\/\/societesplurielles.fr\/en\/wp-json\/wp\/v2\/posts\/761","targetHints":{"allow":["GET"]}}],"collection":[{"href":"https:\/\/societesplurielles.fr\/en\/wp-json\/wp\/v2\/posts"}],"about":[{"href":"https:\/\/societesplurielles.fr\/en\/wp-json\/wp\/v2\/types\/post"}],"author":[{"embeddable":true,"href":"https:\/\/societesplurielles.fr\/en\/wp-json\/wp\/v2\/users\/1"}],"replies":[{"embeddable":true,"href":"https:\/\/societesplurielles.fr\/en\/wp-json\/wp\/v2\/comments?post=761"}],"version-history":[{"count":6,"href":"https:\/\/societesplurielles.fr\/en\/wp-json\/wp\/v2\/posts\/761\/revisions"}],"predecessor-version":[{"id":938,"href":"https:\/\/societesplurielles.fr\/en\/wp-json\/wp\/v2\/posts\/761\/revisions\/938"}],"wp:attachment":[{"href":"https:\/\/societesplurielles.fr\/en\/wp-json\/wp\/v2\/media?parent=761"}],"wp:term":[{"taxonomy":"category","embeddable":true,"href":"https:\/\/societesplurielles.fr\/en\/wp-json\/wp\/v2\/categories?post=761"},{"taxonomy":"post_tag","embeddable":true,"href":"https:\/\/societesplurielles.fr\/en\/wp-json\/wp\/v2\/tags?post=761"}],"curies":[{"name":"wp","href":"https:\/\/api.w.org\/{rel}","templated":true}]}}