{"id":1090,"date":"2017-04-24T11:02:28","date_gmt":"2017-04-24T09:02:28","guid":{"rendered":"http:\/\/societesplurielles.fr\/?p=1090"},"modified":"2017-05-17T15:06:47","modified_gmt":"2017-05-17T13:06:47","slug":"mutuelles-de-travail-travail-en-communs-regards-croises","status":"publish","type":"post","link":"https:\/\/societesplurielles.fr\/fr\/mutuelles-de-travail-travail-en-communs-regards-croises\/","title":{"rendered":"Mutuelles de travail \/ Travail des communs: regards crois\u00e9s"},"content":{"rendered":"<p>Mutuelles de travail \/ Travail des communs : regards crois\u00e9s<\/p>\n<div class=\"page\" title=\"Page 1\">\n<div class=\"layoutArea\">\n<div class=\"column\">\n<p>S\u00e9minaire Manucoop \u2013 En communs<\/p>\n<p>9h30 \u2013 18h,\u00a0Les Grands Voisins<\/p>\n<p>Amphi Lelong &#8211; 82, avenue Denfert-Rochereau &#8211; 75014 Paris<\/p>\n<p>Nos deux collectifs de recherche, La manufacture coop\u00e9rative et Entreprendre en Communs, aboutissent \u00e0 une s\u00e9rie de r\u00e9flexions partag\u00e9es sur les transformations de l&rsquo;entreprise et de l&rsquo;agir collectif, sur les formes collectives de la propri\u00e9t\u00e9 et sur le r\u00f4le renouvel\u00e9 des communs&#8230; ce qui nous conduit \u00e0 croiser nos d\u00e9marches et r\u00e9flexions.<\/p>\n<p>La probl\u00e9matique des communs pose (notamment) la question des mod\u00e8les \u00e9conomiques de la production de commun en lien avec la crise de l&rsquo;id\u00e9ologie propri\u00e9taire.\u00a0La question qui anime la cr\u00e9ation des mutuelles de travail (notamment les coop\u00e9ratives d&rsquo;activit\u00e9s et d&#8217;emploi) est celle de la construction de droits sociaux et de droits salariaux pour des travailleurs et travailleuses autonomes, potentiellement en situation de discontinuit\u00e9s d&#8217;emploi et de revenu.<\/p>\n<p>Dans une soci\u00e9t\u00e9 qui lie de fa\u00e7on paradoxale abondance et pr\u00e9carit\u00e9, besoin de ressources communes et id\u00e9ologie de l&rsquo;appropriation priv\u00e9e, il nous semble important de r\u00e9fl\u00e9chir au travail et aux statuts, droits et r\u00e9mun\u00e9rations des producteurs des communs.\u00a0Il s&rsquo;agit lors de cette journ\u00e9e de r\u00e9fl\u00e9chir \u00e0 la port\u00e9e et aux limites du mod\u00e8le de la mutuelle de travail et de la figure du coop\u00e9rateur-trice pour la soutenabilit\u00e9 des communs.<\/p>\n<pre><a href=\"http:\/\/societesplurielles.fr\/wp-content\/uploads\/2017\/04\/Manucoop_S\u00e9minaire-11-mai-2017.pdf\" target=\"_blank\">Programme Mutuelles de travail \/ Travail des communs<\/a><\/pre>\n<\/div>\n<\/div>\n<\/div>\n","protected":false},"excerpt":{"rendered":"<p>Mutuelles de travail \/ Travail des communs : regards crois\u00e9s S\u00e9minaire Manucoop \u2013 En communs 9h30 \u2013 18h,\u00a0Les Grands Voisins Amphi Lelong &#8211; 82, avenue Denfert-Rochereau &#8211; 75014 Paris Nos deux collectifs de recherche, La manufacture coop\u00e9rative et Entreprendre en Communs, aboutissent \u00e0 une s\u00e9rie de r\u00e9flexions partag\u00e9es sur les transformations de l&rsquo;entreprise et de [&hellip;]<\/p>\n","protected":false},"author":1,"featured_media":0,"comment_status":"closed","ping_status":"closed","sticky":false,"template":"","format":"standard","meta":{"_fr_post_content":"Mutuelles de travail \/ Travail des communs : regards crois\u00e9s\r\n<div class=\"page\" title=\"Page 1\">\r\n<div class=\"layoutArea\">\r\n<div class=\"column\">\r\n\r\nS\u00e9minaire Manucoop \u2013 En communs\r\n\r\n9h30 \u2013 18h,\u00a0Les Grands Voisins\r\n\r\nAmphi Lelong - 82, avenue Denfert-Rochereau - 75014 Paris\r\n\r\nNos deux collectifs de recherche, La manufacture coop\u00e9rative et Entreprendre en Communs, aboutissent \u00e0 une s\u00e9rie de r\u00e9flexions partag\u00e9es sur les transformations de l'entreprise et de l'agir collectif, sur les formes collectives de la propri\u00e9t\u00e9 et sur le r\u00f4le renouvel\u00e9 des communs... ce qui nous conduit \u00e0 croiser nos d\u00e9marches et r\u00e9flexions.\r\n\r\nLa probl\u00e9matique des communs pose (notamment) la question des mod\u00e8les \u00e9conomiques de la production de commun en lien avec la crise de l'id\u00e9ologie propri\u00e9taire.\u00a0La question qui anime la cr\u00e9ation des mutuelles de travail (notamment les coop\u00e9ratives d'activit\u00e9s et d'emploi) est celle de la construction de droits sociaux et de droits salariaux pour des travailleurs et travailleuses autonomes, potentiellement en situation de discontinuit\u00e9s d'emploi et de revenu.\r\n\r\nDans une soci\u00e9t\u00e9 qui lie de fa\u00e7on paradoxale abondance et pr\u00e9carit\u00e9, besoin de ressources communes et id\u00e9ologie de l'appropriation priv\u00e9e, il nous semble important de r\u00e9fl\u00e9chir au travail et aux statuts, droits et r\u00e9mun\u00e9rations des producteurs des communs.\u00a0Il s'agit lors de cette journ\u00e9e de r\u00e9fl\u00e9chir \u00e0 la port\u00e9e et aux limites du mod\u00e8le de la mutuelle de travail et de la figure du coop\u00e9rateur-trice pour la soutenabilit\u00e9 des communs.\r\n<pre><a href=\"http:\/\/societesplurielles.fr\/wp-content\/uploads\/2017\/04\/Manucoop_S\u00e9minaire-11-mai-2017.pdf\" target=\"_blank\">Programme Mutuelles de travail \/ Travail des communs<\/a><\/pre>\r\n<\/div>\r\n<\/div>\r\n<\/div>","_fr_post_name":"mutuelles-de-travail-travail-en-communs-regards-croises","_fr_post_excerpt":"","_fr_post_title":"Mutuelles de travail \/ Travail des communs: regards crois\u00e9s","_en_post_content":"","_en_post_name":"","_en_post_excerpt":"","_en_post_title":"","edit_language":"fr","footnotes":""},"categories":[6],"tags":[],"class_list":["post-1090","post","type-post","status-publish","format-standard","hentry","category-archives"],"_links":{"self":[{"href":"https:\/\/societesplurielles.fr\/fr\/wp-json\/wp\/v2\/posts\/1090","targetHints":{"allow":["GET"]}}],"collection":[{"href":"https:\/\/societesplurielles.fr\/fr\/wp-json\/wp\/v2\/posts"}],"about":[{"href":"https:\/\/societesplurielles.fr\/fr\/wp-json\/wp\/v2\/types\/post"}],"author":[{"embeddable":true,"href":"https:\/\/societesplurielles.fr\/fr\/wp-json\/wp\/v2\/users\/1"}],"replies":[{"embeddable":true,"href":"https:\/\/societesplurielles.fr\/fr\/wp-json\/wp\/v2\/comments?post=1090"}],"version-history":[{"count":6,"href":"https:\/\/societesplurielles.fr\/fr\/wp-json\/wp\/v2\/posts\/1090\/revisions"}],"predecessor-version":[{"id":1097,"href":"https:\/\/societesplurielles.fr\/fr\/wp-json\/wp\/v2\/posts\/1090\/revisions\/1097"}],"wp:attachment":[{"href":"https:\/\/societesplurielles.fr\/fr\/wp-json\/wp\/v2\/media?parent=1090"}],"wp:term":[{"taxonomy":"category","embeddable":true,"href":"https:\/\/societesplurielles.fr\/fr\/wp-json\/wp\/v2\/categories?post=1090"},{"taxonomy":"post_tag","embeddable":true,"href":"https:\/\/societesplurielles.fr\/fr\/wp-json\/wp\/v2\/tags?post=1090"}],"curies":[{"name":"wp","href":"https:\/\/api.w.org\/{rel}","templated":true}]}}