{"id":1296,"date":"2017-09-28T14:53:11","date_gmt":"2017-09-28T12:53:11","guid":{"rendered":"http:\/\/societesplurielles.fr\/?p=1296"},"modified":"2017-11-21T10:35:41","modified_gmt":"2017-11-21T09:35:41","slug":"cosmopolitanism-revisited-comparative-perspectives-on-urban-diversity-from-the-gulf-and-beyond","status":"publish","type":"post","link":"https:\/\/societesplurielles.fr\/fr\/cosmopolitanism-revisited-comparative-perspectives-on-urban-diversity-from-the-gulf-and-beyond\/","title":{"rendered":"Cosmopolitanism Revisited: Comparative Perspectives on Urban Diversity from the Gulf and Beyond"},"content":{"rendered":"<p><strong>Cosmopolitanism Revisited: <\/strong><strong>Comparative Perspectives on Urban Diversity from the Gulf and Beyond<\/strong><\/p>\n<p><strong>11 octobre <\/strong><em>(les Salons de l&rsquo;INALCO, 2 rue de Lille 75007 Paris)<\/em> et<strong> 12 octobre <\/strong><em>(<\/em><em>salle G. Lavau, CEVIPOF, 98 rue de l&rsquo;Universit\u00e9 75007 Paris)<\/em><\/p>\n<p><img loading=\"lazy\" decoding=\"async\" class=\"aligncenter wp-image-1342 size-large\" src=\"http:\/\/societesplurielles.fr\/wp-content\/uploads\/2017\/09\/Gulf-Delphine-2017-recadr\u00e9-1024x726.jpg\" alt=\"Gulf Delphine 2017 recadr\u00e9\" width=\"629\" height=\"446\" srcset=\"https:\/\/societesplurielles.fr\/wp-content\/uploads\/2017\/09\/Gulf-Delphine-2017-recadr\u00e9-1024x726.jpg 1024w, https:\/\/societesplurielles.fr\/wp-content\/uploads\/2017\/09\/Gulf-Delphine-2017-recadr\u00e9-300x213.jpg 300w, https:\/\/societesplurielles.fr\/wp-content\/uploads\/2017\/09\/Gulf-Delphine-2017-recadr\u00e9-768x544.jpg 768w, https:\/\/societesplurielles.fr\/wp-content\/uploads\/2017\/09\/Gulf-Delphine-2017-recadr\u00e9-900x638.jpg 900w, https:\/\/societesplurielles.fr\/wp-content\/uploads\/2017\/09\/Gulf-Delphine-2017-recadr\u00e9-1280x907.jpg 1280w\" sizes=\"auto, (max-width: 629px) 100vw, 629px\" \/><\/p>\n<p>This international conference is convened by the <strong>Universit\u00e9 Sorbonne Paris Cit\u00e9<\/strong> (USPC)\u2019s interdisciplinary program <strong>Soci\u00e9t\u00e9s plurielles <\/strong>(Diverse Societies) and the <strong>Laboratory of Anthropology, Urbanity and Globalization<\/strong> (IIAC\/LAUM), in collaboration with the French Center for Archeology and Social Sciences in Sanaa . It aims to revisit the notion of cosmopolitanism in Gulf cities and other regional areas from a comparative perspective. To enrich our understanding of a debatable issue, sociologist Elijah Anderson (Yale University),\u00a0one of our keynote speakers, will bring into focus the notion of the \u201cCosmopolitan Canopy\u201d.<\/p>\n<p>The conference is a unique opportunity for scholars of the Gulf and other world regions to engage with cosmopolitanism or otherwise probe the intersection of global studies, urban studies and migration studies from a range of disciplines. More specifically, panels will be organized around the following research themes:<\/p>\n<ul>\n<li><strong>The \u201ccosmopolitan canopy\u201d: cosmopolitan interactions in public spaces\u00a0<\/strong>(A useful analytical tool for research on global super-diverse cities)<\/li>\n<\/ul>\n<ul>\n<li><strong>Cosmopolitanism in theoretical and comparative perspectives\u00a0<\/strong>(A reflexive approach to theoretical definitions of cosmopolitanism)<\/li>\n<\/ul>\n<ul>\n<li><strong>New geographies of cosmopolitanism in Gulf cities\u00a0<\/strong>(A theme that examines how Gulf cities can contribute to the discussion of\u00a0cosmopolitanism)<\/li>\n<\/ul>\n<pre><strong><a href=\"http:\/\/societesplurielles.fr\/wp-content\/uploads\/2017\/10\/Cosmopolitanism-Revisited_Program_V4.1.pdf\" target=\"_blank\">PROGRAM \"COSMOPOLITANISM REVISITED\"<\/a> &amp; <a href=\"http:\/\/societesplurielles.fr\/wp-content\/uploads\/2017\/10\/Cosmopolitanism-Revisited_abstracts-et-bios_V4.pdf\" target=\"_blank\">Abstracts <\/a><\/strong><\/pre>\n<p><span style=\"text-decoration: underline;\">Organizing Committee<\/span>: Laure Assaf (EHESS), Gabrielle Chomentowski (INALCO), Catherine Lejeune (Paris Diderot), Delphine Pag\u00e8s-El Karoui (INALCO), Camille Schmoll (Paris Diderot), H\u00e9l\u00e8ne Thiollet (Sciences Po)<\/p>\n<p><span style=\"text-decoration: underline;\">Scientific Committee<\/span>: Clio Chaveneau (PSUAD), Vincenzo Cicchelli (Paris V), Hadrien Dubucs (PSUAD), Philip Kasinitz (CUNY), Franck Mermier (IIAC-LAU), Amin Moghadam (Princeton), Cl\u00e9mence Montagne (PSUAD), Aur\u00e9lie Varrel (French Institute of Pondich\u00e9ry).<\/p>\n<p><img loading=\"lazy\" decoding=\"async\" class=\"alignleft wp-image-1306\" src=\"http:\/\/societesplurielles.fr\/wp-content\/uploads\/2017\/07\/logo-CEFAS.png\" alt=\"logo CEFAS\" width=\"80\" height=\"113\" \/><\/p>\n<p style=\"text-align: left;\"><em>Avec le soutien du Centre Fran\u00e7ais d&rsquo;Arch\u00e9ologie <\/em><em>et de Sciences Sociales et<\/em><em> de l&rsquo;Institut interdisciplinaire d&rsquo;anthropologie du contemporain (IIAC\/ \u00e9quipe LAUM)\u00a0<\/em><img loading=\"lazy\" decoding=\"async\" class=\"size-full wp-image-1319 alignright\" src=\"http:\/\/societesplurielles.fr\/wp-content\/uploads\/2017\/07\/siteon0.png\" alt=\"siteon0\" width=\"99\" height=\"50\" \/><\/p>\n<p>&nbsp;<\/p>\n","protected":false},"excerpt":{"rendered":"<p>Cosmopolitanism Revisited: Comparative Perspectives on Urban Diversity from the Gulf and Beyond 11 octobre (les Salons de l&rsquo;INALCO, 2 rue de Lille 75007 Paris) et 12 octobre (salle G. Lavau, CEVIPOF, 98 rue de l&rsquo;Universit\u00e9 75007 Paris) This international conference is convened by the Universit\u00e9 Sorbonne Paris Cit\u00e9 (USPC)\u2019s interdisciplinary program Soci\u00e9t\u00e9s plurielles (Diverse Societies) [&hellip;]<\/p>\n","protected":false},"author":1,"featured_media":0,"comment_status":"closed","ping_status":"closed","sticky":false,"template":"","format":"standard","meta":{"_fr_post_content":"<strong>Cosmopolitanism Revisited: <\/strong><strong>Comparative Perspectives on Urban Diversity from the Gulf and Beyond<\/strong>\r\n\r\n<strong>11 octobre <\/strong><em>(les Salons de l'INALCO, 2 rue de Lille 75007 Paris)<\/em> et<strong> 12 octobre <\/strong><em>(<\/em><em>salle G. Lavau, CEVIPOF, 98 rue de l'Universit\u00e9 75007 Paris)<\/em>\r\n\r\n<img class=\"aligncenter wp-image-1342 size-large\" src=\"http:\/\/societesplurielles.fr\/wp-content\/uploads\/2017\/09\/Gulf-Delphine-2017-recadr\u00e9-1024x726.jpg\" alt=\"Gulf Delphine 2017 recadr\u00e9\" width=\"629\" height=\"446\" \/>\r\n\r\nThis international conference is convened by the <strong>Universit\u00e9 Sorbonne Paris Cit\u00e9<\/strong> (USPC)\u2019s interdisciplinary program <strong>Soci\u00e9t\u00e9s plurielles <\/strong>(Diverse Societies) and the <strong>Laboratory of Anthropology, Urbanity and Globalization<\/strong> (IIAC\/LAUM), in collaboration with the French Center for Archeology and Social Sciences in Sanaa . It aims to revisit the notion of cosmopolitanism in Gulf cities and other regional areas from a comparative perspective. To enrich our understanding of a debatable issue, sociologist Elijah Anderson (Yale University),\u00a0one of our keynote speakers, will bring into focus the notion of the \u201cCosmopolitan Canopy\u201d.\r\n\r\nThe conference is a unique opportunity for scholars of the Gulf and other world regions to engage with cosmopolitanism or otherwise probe the intersection of global studies, urban studies and migration studies from a range of disciplines. More specifically, panels will be organized around the following research themes:\r\n<ul>\r\n \t<li><strong>The \u201ccosmopolitan canopy\u201d: cosmopolitan interactions in public spaces\u00a0<\/strong>(A useful analytical tool for research on global super-diverse cities)<\/li>\r\n<\/ul>\r\n<ul>\r\n \t<li><strong>Cosmopolitanism in theoretical and comparative perspectives\u00a0<\/strong>(A reflexive approach to theoretical definitions of cosmopolitanism)<\/li>\r\n<\/ul>\r\n<ul>\r\n \t<li><strong>New geographies of cosmopolitanism in Gulf cities\u00a0<\/strong>(A theme that examines how Gulf cities can contribute to the discussion of\u00a0cosmopolitanism)<\/li>\r\n<\/ul>\r\n<pre><strong><a href=\"http:\/\/societesplurielles.fr\/wp-content\/uploads\/2017\/10\/Cosmopolitanism-Revisited_Program_V4.1.pdf\" target=\"_blank\">PROGRAM \"COSMOPOLITANISM REVISITED\"<\/a> &amp; <a href=\"http:\/\/societesplurielles.fr\/wp-content\/uploads\/2017\/10\/Cosmopolitanism-Revisited_abstracts-et-bios_V4.pdf\" target=\"_blank\">Abstracts <\/a><\/strong><\/pre>\r\n<span style=\"text-decoration: underline;\">Organizing Committee<\/span>: Laure Assaf (EHESS), Gabrielle Chomentowski (INALCO), Catherine Lejeune (Paris Diderot), Delphine Pag\u00e8s-El Karoui (INALCO), Camille Schmoll (Paris Diderot), H\u00e9l\u00e8ne Thiollet (Sciences Po)\r\n\r\n<span style=\"text-decoration: underline;\">Scientific Committee<\/span>: Clio Chaveneau (PSUAD), Vincenzo Cicchelli (Paris V), Hadrien Dubucs (PSUAD), Philip Kasinitz (CUNY), Franck Mermier (IIAC-LAU), Amin Moghadam (Princeton), Cl\u00e9mence Montagne (PSUAD), Aur\u00e9lie Varrel (French Institute of Pondich\u00e9ry).\r\n\r\n<img class=\"alignleft wp-image-1306\" src=\"http:\/\/societesplurielles.fr\/wp-content\/uploads\/2017\/07\/logo-CEFAS.png\" alt=\"logo CEFAS\" width=\"80\" height=\"113\" \/>\r\n<p style=\"text-align: left;\"><em>Avec le soutien du Centre Fran\u00e7ais d'Arch\u00e9ologie <\/em><em>et de Sciences Sociales et<\/em><em> de l'Institut interdisciplinaire d'anthropologie du contemporain (IIAC\/ \u00e9quipe LAUM)\u00a0<\/em><img class=\"size-full wp-image-1319 alignright\" src=\"http:\/\/societesplurielles.fr\/wp-content\/uploads\/2017\/07\/siteon0.png\" alt=\"siteon0\" width=\"99\" height=\"50\" \/><\/p>\r\n&nbsp;","_fr_post_name":"cosmopolitanism-revisited-comparative-perspectives-on-urban-diversity-from-the-gulf-and-beyond","_fr_post_excerpt":"","_fr_post_title":"Cosmopolitanism Revisited: Comparative Perspectives on Urban Diversity from the Gulf and Beyond","_en_post_content":"","_en_post_name":"","_en_post_excerpt":"","_en_post_title":"","edit_language":"fr","footnotes":""},"categories":[6],"tags":[],"class_list":["post-1296","post","type-post","status-publish","format-standard","hentry","category-archives"],"_links":{"self":[{"href":"https:\/\/societesplurielles.fr\/fr\/wp-json\/wp\/v2\/posts\/1296","targetHints":{"allow":["GET"]}}],"collection":[{"href":"https:\/\/societesplurielles.fr\/fr\/wp-json\/wp\/v2\/posts"}],"about":[{"href":"https:\/\/societesplurielles.fr\/fr\/wp-json\/wp\/v2\/types\/post"}],"author":[{"embeddable":true,"href":"https:\/\/societesplurielles.fr\/fr\/wp-json\/wp\/v2\/users\/1"}],"replies":[{"embeddable":true,"href":"https:\/\/societesplurielles.fr\/fr\/wp-json\/wp\/v2\/comments?post=1296"}],"version-history":[{"count":21,"href":"https:\/\/societesplurielles.fr\/fr\/wp-json\/wp\/v2\/posts\/1296\/revisions"}],"predecessor-version":[{"id":1499,"href":"https:\/\/societesplurielles.fr\/fr\/wp-json\/wp\/v2\/posts\/1296\/revisions\/1499"}],"wp:attachment":[{"href":"https:\/\/societesplurielles.fr\/fr\/wp-json\/wp\/v2\/media?parent=1296"}],"wp:term":[{"taxonomy":"category","embeddable":true,"href":"https:\/\/societesplurielles.fr\/fr\/wp-json\/wp\/v2\/categories?post=1296"},{"taxonomy":"post_tag","embeddable":true,"href":"https:\/\/societesplurielles.fr\/fr\/wp-json\/wp\/v2\/tags?post=1296"}],"curies":[{"name":"wp","href":"https:\/\/api.w.org\/{rel}","templated":true}]}}