{"id":1323,"date":"2017-06-06T10:44:07","date_gmt":"2017-06-06T08:44:07","guid":{"rendered":"http:\/\/societesplurielles.fr\/?p=1323"},"modified":"2017-09-05T15:46:15","modified_gmt":"2017-09-05T13:46:15","slug":"nouvelle-publication-beaute-sous-tension","status":"publish","type":"post","link":"https:\/\/societesplurielles.fr\/fr\/nouvelle-publication-beaute-sous-tension\/","title":{"rendered":"Beaut\u00e9 ethnique sous tension, Virginie Silhouette-Dercourt"},"content":{"rendered":"<p>Nouvelle publication\u00a0d&rsquo;un membre de Soci\u00e9t\u00e9s plurielles<\/p>\n<p>Virginie Silhouette-Dercourt,<\/p>\n<p><span style=\"color: #993366;\"><strong>Beaut\u00e9 ethnique sous tension : entre marginalisation, injonctions r\u00e9publicaines et inventivit\u00e9 du quotidien<\/strong><\/span><\/p>\n<p>Editions EMS, 2017<\/p>\n<p>&nbsp;<\/p>\n<p><img loading=\"lazy\" decoding=\"async\" class=\"wp-image-1322 size-full alignleft\" src=\"http:\/\/societesplurielles.fr\/wp-content\/uploads\/2017\/07\/Beaut\u00e9-ethnique-sous-tension-couverture.png\" alt=\"Beaut\u00e9 ethnique sous tension couverture\" width=\"400\" height=\"588\" srcset=\"https:\/\/societesplurielles.fr\/wp-content\/uploads\/2017\/07\/Beaut\u00e9-ethnique-sous-tension-couverture.png 400w, https:\/\/societesplurielles.fr\/wp-content\/uploads\/2017\/07\/Beaut\u00e9-ethnique-sous-tension-couverture-204x300.png 204w\" sizes=\"auto, (max-width: 400px) 100vw, 400px\" \/>\u00a0<span style=\"text-decoration: underline;\">4\u00e8me de couverture<\/span>:<\/p>\n<p>\u00ab\u00a0Nous, on navigue entre deux cultures, on se fabrique notre identit\u00e9\u00a0\u00bb: entre ici et ailleurs, les jeunes femme issues de l&rsquo;immigration s&rsquo;inventent leur propre beaut\u00e9 mais aussi un mod\u00e8le de consommation.<br \/>\nA travers des entretiens avec des jeunes femmes et leurs familles, Virginie Silhouette-Dercourt explore ce mod\u00e8le. Se maquiller ou se coiffer sont autant de gestes du quotidien qui permettent d&rsquo;affirmer qui on est dans l&rsquo;espace public. Comment se pr\u00e9sente-t-on aux autres lorsque l&rsquo;on vient d&rsquo;ailleurs et que cela se voit? Qu&rsquo;est ce qui dans le quotidien renvoie irr\u00e9m\u00e9diablement \u00e0 sa \u00ab\u00a0diff\u00e9rence\u00a0\u00bb?<\/p>\n<p>Son analyse fait appara\u00eetre la qu\u00eate identitaire sous tension qu&rsquo;elles vivent, entre des injonctions r\u00e9publicaines qui visent leur apparence et une recherche de racines plus ou moins fantasmes. Finalement, ces nouvelles beaut\u00e9s se r\u00e9inventent quotidiennement, un <em>moi<\/em> coh\u00e9rent par le m\u00e9tissage des looks. Elles s&rsquo;affranchissent des fronti\u00e8res pour se cr\u00e9er un nouveau monde par la consommation.<\/p>\n","protected":false},"excerpt":{"rendered":"<p>Nouvelle publication\u00a0d&rsquo;un membre de Soci\u00e9t\u00e9s plurielles Virginie Silhouette-Dercourt, Beaut\u00e9 ethnique sous tension : entre marginalisation, injonctions r\u00e9publicaines et inventivit\u00e9 du quotidien Editions EMS, 2017 &nbsp; \u00a04\u00e8me de couverture: \u00ab\u00a0Nous, on navigue entre deux cultures, on se fabrique notre identit\u00e9\u00a0\u00bb: entre ici et ailleurs, les jeunes femme issues de l&rsquo;immigration s&rsquo;inventent leur propre beaut\u00e9 mais aussi [&hellip;]<\/p>\n","protected":false},"author":1,"featured_media":0,"comment_status":"closed","ping_status":"closed","sticky":false,"template":"","format":"standard","meta":{"_fr_post_content":"Nouvelle publication\u00a0d'un membre de Soci\u00e9t\u00e9s plurielles\r\n\r\nVirginie Silhouette-Dercourt,\r\n\r\n<span style=\"color: #993366;\"><strong>Beaut\u00e9 ethnique sous tension : entre marginalisation, injonctions r\u00e9publicaines et inventivit\u00e9 du quotidien<\/strong><\/span>\r\n\r\nEditions EMS, 2017\r\n\r\n&nbsp;\r\n\r\n<img class=\"wp-image-1322 size-full alignleft\" src=\"http:\/\/societesplurielles.fr\/wp-content\/uploads\/2017\/07\/Beaut\u00e9-ethnique-sous-tension-couverture.png\" alt=\"Beaut\u00e9 ethnique sous tension couverture\" width=\"400\" height=\"588\" \/>\u00a0<span style=\"text-decoration: underline;\">4\u00e8me de couverture<\/span>:\r\n\r\n\"Nous, on navigue entre deux cultures, on se fabrique notre identit\u00e9\": entre ici et ailleurs, les jeunes femme issues de l'immigration s'inventent leur propre beaut\u00e9 mais aussi un mod\u00e8le de consommation.\r\nA travers des entretiens avec des jeunes femmes et leurs familles, Virginie Silhouette-Dercourt explore ce mod\u00e8le. Se maquiller ou se coiffer sont autant de gestes du quotidien qui permettent d'affirmer qui on est dans l'espace public. Comment se pr\u00e9sente-t-on aux autres lorsque l'on vient d'ailleurs et que cela se voit? Qu'est ce qui dans le quotidien renvoie irr\u00e9m\u00e9diablement \u00e0 sa \"diff\u00e9rence\"?\r\n\r\nSon analyse fait appara\u00eetre la qu\u00eate identitaire sous tension qu'elles vivent, entre des injonctions r\u00e9publicaines qui visent leur apparence et une recherche de racines plus ou moins fantasmes. Finalement, ces nouvelles beaut\u00e9s se r\u00e9inventent quotidiennement, un <em>moi<\/em> coh\u00e9rent par le m\u00e9tissage des looks. Elles s'affranchissent des fronti\u00e8res pour se cr\u00e9er un nouveau monde par la consommation.","_fr_post_name":"nouvelle-publication-beaute-sous-tension","_fr_post_excerpt":"","_fr_post_title":"Beaut\u00e9 ethnique sous tension, Virginie Silhouette-Dercourt","_en_post_content":"","_en_post_name":"","_en_post_excerpt":"","_en_post_title":"","edit_language":"fr","footnotes":""},"categories":[6],"tags":[],"class_list":["post-1323","post","type-post","status-publish","format-standard","hentry","category-archives"],"_links":{"self":[{"href":"https:\/\/societesplurielles.fr\/fr\/wp-json\/wp\/v2\/posts\/1323","targetHints":{"allow":["GET"]}}],"collection":[{"href":"https:\/\/societesplurielles.fr\/fr\/wp-json\/wp\/v2\/posts"}],"about":[{"href":"https:\/\/societesplurielles.fr\/fr\/wp-json\/wp\/v2\/types\/post"}],"author":[{"embeddable":true,"href":"https:\/\/societesplurielles.fr\/fr\/wp-json\/wp\/v2\/users\/1"}],"replies":[{"embeddable":true,"href":"https:\/\/societesplurielles.fr\/fr\/wp-json\/wp\/v2\/comments?post=1323"}],"version-history":[{"count":4,"href":"https:\/\/societesplurielles.fr\/fr\/wp-json\/wp\/v2\/posts\/1323\/revisions"}],"predecessor-version":[{"id":1328,"href":"https:\/\/societesplurielles.fr\/fr\/wp-json\/wp\/v2\/posts\/1323\/revisions\/1328"}],"wp:attachment":[{"href":"https:\/\/societesplurielles.fr\/fr\/wp-json\/wp\/v2\/media?parent=1323"}],"wp:term":[{"taxonomy":"category","embeddable":true,"href":"https:\/\/societesplurielles.fr\/fr\/wp-json\/wp\/v2\/categories?post=1323"},{"taxonomy":"post_tag","embeddable":true,"href":"https:\/\/societesplurielles.fr\/fr\/wp-json\/wp\/v2\/tags?post=1323"}],"curies":[{"name":"wp","href":"https:\/\/api.w.org\/{rel}","templated":true}]}}