{"id":1551,"date":"2018-02-07T10:08:20","date_gmt":"2018-02-07T09:08:20","guid":{"rendered":"http:\/\/societesplurielles.fr\/fr\/?p=1551"},"modified":"2018-02-07T10:59:04","modified_gmt":"2018-02-07T09:59:04","slug":"seminaire-magmet-3","status":"publish","type":"post","link":"https:\/\/societesplurielles.fr\/fr\/seminaire-magmet-3\/","title":{"rendered":"Michel P\u00e9raldi et Assaf Dahdah au S\u00e9minaire MAGMET"},"content":{"rendered":"<p>Le s\u00e9minaire <strong>MAGMET<\/strong> aura lieu le 08\u00a0f\u00e9vrier 2018\u00a0de 9.30 \u00e0 12.00, en salle M019, b\u00e2timent Olympe de Gouges, Universit\u00e9 Paris Diderot, Place Paul Ricoeur, 75013 Paris.<\/p>\n<p><img loading=\"lazy\" decoding=\"async\" class=\"alignright wp-image-1575 size-full\" src=\"http:\/\/societesplurielles.fr\/wp-content\/uploads\/2018\/01\/Capture-d\u2019\u00e9cran-2018-01-24-\u00e0-10.47.09.png\" alt=\"Capture d\u2019\u00e9cran 2018-01-24 \u00e0 10.47.09\" width=\"503\" height=\"317\" srcset=\"https:\/\/societesplurielles.fr\/wp-content\/uploads\/2018\/01\/Capture-d\u2019\u00e9cran-2018-01-24-\u00e0-10.47.09.png 503w, https:\/\/societesplurielles.fr\/wp-content\/uploads\/2018\/01\/Capture-d\u2019\u00e9cran-2018-01-24-\u00e0-10.47.09-300x189.png 300w\" sizes=\"auto, (max-width: 503px) 100vw, 503px\" \/><\/p>\n<p>&nbsp;<\/p>\n<p>9.30 &#8211; 10.20 : <strong>Michel P\u00e9raldi<\/strong> (Iris, EHESS-CNRS), \u00ab\u00a0\u00a0\u00bbMarrakech, le souk du possible. Histoire d&rsquo;une ville du moment colonial au n\u00e9o lib\u00e9ral\u00a0\u00bb<\/p>\n<p>10.20 &#8211; 11.10 : <strong>Assaf Dahdah<\/strong> (Telemme, LEST), \u00ab\u00a0Le non-citoyen, la ville et l&rsquo;\u00c9tat. R\u00e9flexions \u00e0 partir du cas beyrouthin\u00a0\u00bb<\/p>\n<p>11.10 &#8211; 12.00 : Discussion anim\u00e9e par <strong>Agn\u00e8s Deboulet<\/strong> (Universit\u00e9 Paris 8 Vincennes-UMR LAVUE) et <strong>Nadine Cattan<\/strong> (CNRS-UMR G\u00e9ographie-cit\u00e9s)<\/p>\n<p>&nbsp;<\/p>\n","protected":false},"excerpt":{"rendered":"<p>Le s\u00e9minaire MAGMET aura lieu le 08\u00a0f\u00e9vrier 2018\u00a0de 9.30 \u00e0 12.00, en salle M019, b\u00e2timent Olympe de Gouges, Universit\u00e9 Paris Diderot, Place Paul Ricoeur, 75013 Paris. &nbsp; 9.30 &#8211; 10.20 : Michel P\u00e9raldi (Iris, EHESS-CNRS), \u00ab\u00a0\u00a0\u00bbMarrakech, le souk du possible. Histoire d&rsquo;une ville du moment colonial au n\u00e9o lib\u00e9ral\u00a0\u00bb 10.20 &#8211; 11.10 : Assaf Dahdah [&hellip;]<\/p>\n","protected":false},"author":1,"featured_media":0,"comment_status":"closed","ping_status":"closed","sticky":false,"template":"","format":"standard","meta":{"_fr_post_content":"Le s\u00e9minaire <strong>MAGMET<\/strong> aura lieu le 08\u00a0f\u00e9vrier 2018\u00a0de 9.30 \u00e0 12.00, en salle M019, b\u00e2timent Olympe de Gouges, Universit\u00e9 Paris Diderot, Place Paul Ricoeur, 75013 Paris.\r\n\r\n<img class=\"alignright wp-image-1575 size-full\" src=\"http:\/\/societesplurielles.fr\/wp-content\/uploads\/2018\/01\/Capture-d\u2019\u00e9cran-2018-01-24-\u00e0-10.47.09.png\" alt=\"Capture d\u2019\u00e9cran 2018-01-24 \u00e0 10.47.09\" width=\"503\" height=\"317\" \/>\r\n\r\n&nbsp;\r\n\r\n9.30 - 10.20 : <strong>Michel P\u00e9raldi<\/strong> (Iris, EHESS-CNRS), \"\"Marrakech, le souk du possible. Histoire d'une ville du moment colonial au n\u00e9o lib\u00e9ral\"\r\n\r\n10.20 - 11.10 : <strong>Assaf Dahdah<\/strong> (Telemme, LEST), \"Le non-citoyen, la ville et l'\u00c9tat. R\u00e9flexions \u00e0 partir du cas beyrouthin\"\r\n\r\n11.10 - 12.00 : Discussion anim\u00e9e par <strong>Agn\u00e8s Deboulet<\/strong> (Universit\u00e9 Paris 8 Vincennes-UMR LAVUE) et <strong>Nadine Cattan<\/strong> (CNRS-UMR G\u00e9ographie-cit\u00e9s)\r\n\r\n&nbsp;","_fr_post_name":"seminaire-magmet-3","_fr_post_excerpt":"","_fr_post_title":"Michel P\u00e9raldi et Assaf Dahdah au S\u00e9minaire MAGMET","_en_post_content":"","_en_post_name":"","_en_post_excerpt":"","_en_post_title":"","edit_language":"fr","footnotes":""},"categories":[12],"tags":[],"class_list":["post-1551","post","type-post","status-publish","format-standard","hentry","category-a-venir"],"_links":{"self":[{"href":"https:\/\/societesplurielles.fr\/fr\/wp-json\/wp\/v2\/posts\/1551","targetHints":{"allow":["GET"]}}],"collection":[{"href":"https:\/\/societesplurielles.fr\/fr\/wp-json\/wp\/v2\/posts"}],"about":[{"href":"https:\/\/societesplurielles.fr\/fr\/wp-json\/wp\/v2\/types\/post"}],"author":[{"embeddable":true,"href":"https:\/\/societesplurielles.fr\/fr\/wp-json\/wp\/v2\/users\/1"}],"replies":[{"embeddable":true,"href":"https:\/\/societesplurielles.fr\/fr\/wp-json\/wp\/v2\/comments?post=1551"}],"version-history":[{"count":15,"href":"https:\/\/societesplurielles.fr\/fr\/wp-json\/wp\/v2\/posts\/1551\/revisions"}],"predecessor-version":[{"id":1580,"href":"https:\/\/societesplurielles.fr\/fr\/wp-json\/wp\/v2\/posts\/1551\/revisions\/1580"}],"wp:attachment":[{"href":"https:\/\/societesplurielles.fr\/fr\/wp-json\/wp\/v2\/media?parent=1551"}],"wp:term":[{"taxonomy":"category","embeddable":true,"href":"https:\/\/societesplurielles.fr\/fr\/wp-json\/wp\/v2\/categories?post=1551"},{"taxonomy":"post_tag","embeddable":true,"href":"https:\/\/societesplurielles.fr\/fr\/wp-json\/wp\/v2\/tags?post=1551"}],"curies":[{"name":"wp","href":"https:\/\/api.w.org\/{rel}","templated":true}]}}