{"id":1592,"date":"2018-01-25T22:48:00","date_gmt":"2018-01-25T21:48:00","guid":{"rendered":"http:\/\/societesplurielles.fr\/fr\/?p=1592"},"modified":"2018-01-25T22:58:01","modified_gmt":"2018-01-25T21:58:01","slug":"publication-revue-hommes-migration-prisme-de-consommation","status":"publish","type":"post","link":"https:\/\/societesplurielles.fr\/fr\/publication-revue-hommes-migration-prisme-de-consommation\/","title":{"rendered":"Publication \u00ab\u00a0Au prisme de la consommation\u00a0\u00bb dans la revue Hommes et migrations"},"content":{"rendered":"<p><strong>Au prisme de la consommation<\/strong><\/p>\n<p>N\u00b0 1320 de la Revue <em>Hommes et migrations<\/em>,\u00a0janvier-mars\u00a02018, \u00a0coordonn\u00e9 par\u00a0Maren M\u00f6hring,\u00a0professeur d&rsquo;histoire culturelle et sociale compar\u00e9e de l&rsquo;Europe moderne\u00a0et Virginie Silhouette-Dercourt,\u00a0ma\u00eetre de conf\u00e9rence (HDR) en sciences de gestion<\/p>\n<p><img loading=\"lazy\" decoding=\"async\" class=\"alignleft wp-image-1591 size-full\" src=\"http:\/\/societesplurielles.fr\/wp-content\/uploads\/2018\/01\/Publication_Au-prisme-de-la-consommation.jpg\" alt=\"Publication_Au prisme de la consommation\" width=\"150\" height=\"222\" \/><br \/>\nDans le cadre d&rsquo;une comparaison entre l&rsquo;Allemagne et la France, la revue explore les consommation des migrants dans les domaines alimentaires et des soins du corps notamment et analyse le sens que ces pratiquent rev\u00eatent. Ce th\u00e8me est abord\u00e9 \u00e9galement par le prisme de l&rsquo;offre commerciale et de l&rsquo;entrepreneuriat qui se sp\u00e9cialisent sur des produits consomm\u00e9s par les migrants, leurs enfants et par la soci\u00e9t\u00e9 d&rsquo;accueil plus largement.<\/p>\n<pre><a href=\"http:\/\/www.hommes-et-migrations.fr\/index.php?\/numeros\/7984-au-prisme-de-la-consommation\" target=\"_blank\">Sommaire Hommes et Migrations - Au prisme de la consommation<\/a><\/pre>\n<p>&nbsp;<\/p>\n<p>&nbsp;<\/p>\n","protected":false},"excerpt":{"rendered":"<p>Au prisme de la consommation N\u00b0 1320 de la Revue Hommes et migrations,\u00a0janvier-mars\u00a02018, \u00a0coordonn\u00e9 par\u00a0Maren M\u00f6hring,\u00a0professeur d&rsquo;histoire culturelle et sociale compar\u00e9e de l&rsquo;Europe moderne\u00a0et Virginie Silhouette-Dercourt,\u00a0ma\u00eetre de conf\u00e9rence (HDR) en sciences de gestion Dans le cadre d&rsquo;une comparaison entre l&rsquo;Allemagne et la France, la revue explore les consommation des migrants dans les domaines alimentaires et [&hellip;]<\/p>\n","protected":false},"author":1,"featured_media":0,"comment_status":"closed","ping_status":"closed","sticky":false,"template":"","format":"standard","meta":{"_fr_post_content":"<strong>Au prisme de la consommation<\/strong>\r\n\r\nN\u00b0 1320 de la Revue <em>Hommes et migrations<\/em>,\u00a0janvier-mars\u00a02018, \u00a0coordonn\u00e9 par\u00a0Maren M\u00f6hring,\u00a0professeur d'histoire culturelle et sociale compar\u00e9e de l'Europe moderne\u00a0et Virginie Silhouette-Dercourt,\u00a0ma\u00eetre de conf\u00e9rence (HDR) en sciences de gestion\r\n\r\n<img class=\"alignleft wp-image-1591 size-full\" src=\"http:\/\/societesplurielles.fr\/wp-content\/uploads\/2018\/01\/Publication_Au-prisme-de-la-consommation.jpg\" alt=\"Publication_Au prisme de la consommation\" width=\"150\" height=\"222\" \/>\r\nDans le cadre d'une comparaison entre l'Allemagne et la France, la revue explore les consommation des migrants dans les domaines alimentaires et des soins du corps notamment et analyse le sens que ces pratiquent rev\u00eatent. Ce th\u00e8me est abord\u00e9 \u00e9galement par le prisme de l'offre commerciale et de l'entrepreneuriat qui se sp\u00e9cialisent sur des produits consomm\u00e9s par les migrants, leurs enfants et par la soci\u00e9t\u00e9 d'accueil plus largement.\r\n<pre><a href=\"http:\/\/www.hommes-et-migrations.fr\/index.php?\/numeros\/7984-au-prisme-de-la-consommation\" target=\"_blank\">Sommaire Hommes et Migrations - Au prisme de la consommation<\/a><\/pre>\r\n&nbsp;\r\n\r\n&nbsp;","_fr_post_name":"publication-revue-hommes-migration-prisme-de-consommation","_fr_post_excerpt":"","_fr_post_title":"Publication \"Au prisme de la consommation\" dans la revue Hommes et migrations","_en_post_content":"","_en_post_name":"","_en_post_excerpt":"","_en_post_title":"","edit_language":"fr","footnotes":""},"categories":[12],"tags":[],"class_list":["post-1592","post","type-post","status-publish","format-standard","hentry","category-a-venir"],"_links":{"self":[{"href":"https:\/\/societesplurielles.fr\/fr\/wp-json\/wp\/v2\/posts\/1592","targetHints":{"allow":["GET"]}}],"collection":[{"href":"https:\/\/societesplurielles.fr\/fr\/wp-json\/wp\/v2\/posts"}],"about":[{"href":"https:\/\/societesplurielles.fr\/fr\/wp-json\/wp\/v2\/types\/post"}],"author":[{"embeddable":true,"href":"https:\/\/societesplurielles.fr\/fr\/wp-json\/wp\/v2\/users\/1"}],"replies":[{"embeddable":true,"href":"https:\/\/societesplurielles.fr\/fr\/wp-json\/wp\/v2\/comments?post=1592"}],"version-history":[{"count":7,"href":"https:\/\/societesplurielles.fr\/fr\/wp-json\/wp\/v2\/posts\/1592\/revisions"}],"predecessor-version":[{"id":1599,"href":"https:\/\/societesplurielles.fr\/fr\/wp-json\/wp\/v2\/posts\/1592\/revisions\/1599"}],"wp:attachment":[{"href":"https:\/\/societesplurielles.fr\/fr\/wp-json\/wp\/v2\/media?parent=1592"}],"wp:term":[{"taxonomy":"category","embeddable":true,"href":"https:\/\/societesplurielles.fr\/fr\/wp-json\/wp\/v2\/categories?post=1592"},{"taxonomy":"post_tag","embeddable":true,"href":"https:\/\/societesplurielles.fr\/fr\/wp-json\/wp\/v2\/tags?post=1592"}],"curies":[{"name":"wp","href":"https:\/\/api.w.org\/{rel}","templated":true}]}}