{"id":1630,"date":"2018-03-07T09:14:10","date_gmt":"2018-03-07T08:14:10","guid":{"rendered":"http:\/\/societesplurielles.fr\/fr\/?p=1630"},"modified":"2018-03-07T09:14:10","modified_gmt":"2018-03-07T08:14:10","slug":"appel-a-communication-revue-societes-plurielles-varia","status":"publish","type":"post","link":"https:\/\/societesplurielles.fr\/fr\/appel-a-communication-revue-societes-plurielles-varia\/","title":{"rendered":"Appel \u00e0 communication &#8211; Revue Soci\u00e9t\u00e9s plurielles &#8211; Varia"},"content":{"rendered":"<p>Les propositions d&rsquo;articles pour le n\u00b03 de la revue <em>Soci\u00e9t\u00e9s plurielles<\/em> sont attendues pour le<strong><span style=\"text-decoration: underline;\"> 20\u00a0mars 2018<\/span><\/strong> \u00e0 l&rsquo;adresse programmesp@gmail.com.<\/p>\n<p>S&rsquo;agissant d&rsquo;un <strong>varia<\/strong>, ce num\u00e9ro 3 examinera toutes les propositions qui correspondent \u00e0 la ligne \u00e9ditoriale\u00a0de la revue. Merci d&rsquo;envoyer un texte d&rsquo;une page, accompagn\u00e9 d&rsquo;une courte biographie.<\/p>\n<p><span style=\"text-decoration: underline;\">Ligne \u00e9ditoriale de la revue<\/span><br \/>\nLa revue <em>Soci\u00e9t\u00e9s plurielles<\/em>\u00a0est n\u00e9e du programme interdisciplinaire de recherche Soci\u00e9t\u00e9s plurielles qui r\u00e9unit des enseignants-chercheurs en sciences humaines et sociales comme en litt\u00e9rature, langues et linguistique, de pr\u00e8s de vingt laboratoires de l\u2019universit\u00e9 Sorbonne-Paris-Cit\u00e9. Ce programme a pour objet d\u2019analyser les d\u00e9fis de la diversit\u00e9, les politiques du pluralisme et la gestion des crises dans les soci\u00e9t\u00e9s.<\/p>\n<p>Il se compose de trois projets int\u00e9gr\u00e9s. Le premier, \u00ab\u00a0Villes-mondes\u00a0: approches compar\u00e9es du cosmopolitisme et des migrations\u00a0\u00bb, entend contribuer de fa\u00e7on originale \u00e0 la discussion aussi bien th\u00e9orique, empirique que m\u00e9thodologique sur le cosmopolitisme comme outil heuristique de l\u2019analyse des villes globales, des ph\u00e9nom\u00e8nes migratoires, de l\u2019alt\u00e9rit\u00e9 et de la diversit\u00e9 culturelle dans le monde global. Le deuxi\u00e8me projet, \u00ab\u00a0Coh\u00e9sion et Identit\u00e9s dans les Territoires Europ\u00e9ens (CIT\u00c9)\u00a0\u00bb, vise \u00e0 interroger la ville sous quatre dimensions principales : sa relation au pass\u00e9 (\u00e0 travers les politiques de patrimoine), sa transformation dans le contexte de nouvelles dynamiques \u00e9conomiques et migratoires, sa pratique des langues et son r\u00f4le dans la transition des mod\u00e8les urbains qu\u2019impose la transition \u00e9nerg\u00e9tique. Enfin, le troisi\u00e8me projet \u2013 \u00ab\u00a0Circulations \u00bb &#8211; s\u2019inscrit dans une volont\u00e9 de penser l\u2019articulation des diff\u00e9rentes soci\u00e9t\u00e9s \u00ab\u00a0connect\u00e9es\u00a0\u00bb qu\u2019impliquent les mobilit\u00e9s dites transnationales aussi bien sur le plan religieux, politique que culturel.<\/p>\n<p>La revue en ligne <em>Soci\u00e9t\u00e9s plurielles<\/em> couvre tous les champs d\u2019\u00e9tudes concern\u00e9s par le pluriel dans la soci\u00e9t\u00e9, et appuie fortement les approches interdisciplinaires. De m\u00eame, la revue encourage la publication des r\u00e9sultats de la recherche sous des formes diff\u00e9rentes du texte\u00a0: images, productions vid\u00e9o, etc.<\/p>\n<p>Elle publie essentiellement des articles in\u00e9dits, non propos\u00e9s simultan\u00e9ment \u00e0 d\u2019autres revues, apr\u00e8s s\u00e9lection par les membres de son comit\u00e9 scientifique international (peer review, avec \u00e9valuation en double aveugle). Mais elle ne s\u2019interdit pas pour autant de publier, en traduction fran\u00e7aise ou anglaise, certains articles de th\u00e9orie ou de m\u00e9thode jug\u00e9s particuli\u00e8rement importants, et d\u00e9j\u00e0 parus ailleurs.<\/p>\n<p>Les principales langues sont le fran\u00e7ais et l\u2019anglais. Des articles peuvent \u00eatre publi\u00e9s dans les autres grandes langues europ\u00e9ennes de communication (espagnol, allemand, italien), accompagn\u00e9s d\u2019un r\u00e9sum\u00e9 tr\u00e8s circonstanci\u00e9 en anglais ou en fran\u00e7ais.<\/p>\n<p><span style=\"text-decoration: underline;\">Direction de publication<\/span><br \/>\nMarie-Louise Pelus-Kaplan (Universit\u00e9 Paris-Diderot)<\/p>\n<p><span style=\"text-decoration: underline;\">Comit\u00e9 de r\u00e9daction<\/span><br \/>\nVincenzo Cicchelli (Universit\u00e9 Paris Descartes), Liliane Crips (Universit\u00e9 Paris Diderot), Virginie Dercourt (Universit\u00e9 Paris 13), \u00c9ric Magnin (Universit\u00e9 Paris 7), Delphine Pag\u00e8s-El Karoui (INALCO), Marie-Louise Pelus-Kaplan (Universit\u00e9 Paris-Diderot), Patrick Renaud (Universit\u00e9 Sorbonne Nouvelle Paris 3), Madalina V\u00e2rtejanu-Joubert (INALCO).<\/p>\n<p><span style=\"text-decoration: underline;\">Comit\u00e9 scientifique<\/span><br \/>\nMyriam Ababsa (IFPO\/Amman), Russell Belk (Universit\u00e9 de Toronto), Peter Blumenthal (Universit\u00e9 de K\u00f6ln), Hassen Boubakri (Universit\u00e9 de Sousse), Bernard Chavance (Universit\u00e9 Paris Diderot), Viviane Comerro de Pr\u00e9mare (CERCOM\/INALCO), \u00c9lisabeth Cunin (IRD), Han Entzinger (Universit\u00e9 de Rotterdam), Florence Gauthier (Universit\u00e9 Paris 7), Jean-Jacques Glassner (HAROC\/CNRS), David Inglis (University of Exeter), Tally Katz-Gerro (Universit\u00e9 de Haifa), Justin Kissangoula (Universit\u00e9 Paris Descartes), Yves-\u00c9douard Le Bos (Universit\u00e9 Sorbonne Nouvelle \u2013 Paris 3), Liliane Louvel (Universit\u00e9 de Poitiers), Maren M\u00f6hring (Universit\u00e9 de Leipzig), Lorenza Mondada (Universit\u00e9 de B\u00e2le), Nikolay Nenovsky (Universit\u00e9 Picardie Jules Verne), Massimo Pendenza (Universit\u00e9 de Salerne), Victor Pich\u00e9 (Universit\u00e9 de Mc Gill), Iwona Piechnik (Universit\u00e9 de Cracovie), Viviane Riegel (ESPM de Sao Paulo), David Rosenberg (Universit\u00e9 de Pittsburgh), Maciej Serwanski (Universit\u00e9 de Poznan), Emmanuel Vernadakis (Universit\u00e9 d\u2019Angers).<\/p>\n<p>&nbsp;<br \/>\n<span style=\"text-decoration: underline;\">Secr\u00e9tariat de r\u00e9daction<\/span><br \/>\nGabrielle Chomentowski<br \/>\nprogrammesp@gmail.com<\/p>\n<p>Partenaire \u00e9ditorial<br \/>\nPresses de l\u2019INALCO<br \/>\n2 rue de Lille\u2028 75007 Paris<\/p>\n","protected":false},"excerpt":{"rendered":"<p>Les propositions d&rsquo;articles pour le n\u00b03 de la revue Soci\u00e9t\u00e9s plurielles sont attendues pour le 20\u00a0mars 2018 \u00e0 l&rsquo;adresse programmesp@gmail.com. S&rsquo;agissant d&rsquo;un varia, ce num\u00e9ro 3 examinera toutes les propositions qui correspondent \u00e0 la ligne \u00e9ditoriale\u00a0de la revue. Merci d&rsquo;envoyer un texte d&rsquo;une page, accompagn\u00e9 d&rsquo;une courte biographie. Ligne \u00e9ditoriale de la revue La revue [&hellip;]<\/p>\n","protected":false},"author":1,"featured_media":0,"comment_status":"closed","ping_status":"closed","sticky":false,"template":"","format":"standard","meta":{"_fr_post_content":"Les propositions d'articles pour le n\u00b03 de la revue <em>Soci\u00e9t\u00e9s plurielles<\/em> sont attendues pour le<strong><span style=\"text-decoration: underline;\"> 20\u00a0mars 2018<\/span><\/strong> \u00e0 l'adresse programmesp@gmail.com.\r\n\r\nS'agissant d'un <strong>varia<\/strong>, ce num\u00e9ro 3 examinera toutes les propositions qui correspondent \u00e0 la ligne \u00e9ditoriale\u00a0de la revue. Merci d'envoyer un texte d'une page, accompagn\u00e9 d'une courte biographie.\r\n\r\n<span style=\"text-decoration: underline;\">Ligne \u00e9ditoriale de la revue<\/span>\r\nLa revue <em>Soci\u00e9t\u00e9s plurielles<\/em>\u00a0est n\u00e9e du programme interdisciplinaire de recherche Soci\u00e9t\u00e9s plurielles qui r\u00e9unit des enseignants-chercheurs en sciences humaines et sociales comme en litt\u00e9rature, langues et linguistique, de pr\u00e8s de vingt laboratoires de l\u2019universit\u00e9 Sorbonne-Paris-Cit\u00e9. Ce programme a pour objet d\u2019analyser les d\u00e9fis de la diversit\u00e9, les politiques du pluralisme et la gestion des crises dans les soci\u00e9t\u00e9s.\r\n\r\nIl se compose de trois projets int\u00e9gr\u00e9s. Le premier, \u00ab\u00a0Villes-mondes\u00a0: approches compar\u00e9es du cosmopolitisme et des migrations\u00a0\u00bb, entend contribuer de fa\u00e7on originale \u00e0 la discussion aussi bien th\u00e9orique, empirique que m\u00e9thodologique sur le cosmopolitisme comme outil heuristique de l\u2019analyse des villes globales, des ph\u00e9nom\u00e8nes migratoires, de l\u2019alt\u00e9rit\u00e9 et de la diversit\u00e9 culturelle dans le monde global. Le deuxi\u00e8me projet, \u00ab\u00a0Coh\u00e9sion et Identit\u00e9s dans les Territoires Europ\u00e9ens (CIT\u00c9)\u00a0\u00bb, vise \u00e0 interroger la ville sous quatre dimensions principales : sa relation au pass\u00e9 (\u00e0 travers les politiques de patrimoine), sa transformation dans le contexte de nouvelles dynamiques \u00e9conomiques et migratoires, sa pratique des langues et son r\u00f4le dans la transition des mod\u00e8les urbains qu\u2019impose la transition \u00e9nerg\u00e9tique. Enfin, le troisi\u00e8me projet \u2013 \u00ab\u00a0Circulations \u00bb - s\u2019inscrit dans une volont\u00e9 de penser l\u2019articulation des diff\u00e9rentes soci\u00e9t\u00e9s \u00ab\u00a0connect\u00e9es\u00a0\u00bb qu\u2019impliquent les mobilit\u00e9s dites transnationales aussi bien sur le plan religieux, politique que culturel.\r\n\r\nLa revue en ligne <em>Soci\u00e9t\u00e9s plurielles<\/em> couvre tous les champs d\u2019\u00e9tudes concern\u00e9s par le pluriel dans la soci\u00e9t\u00e9, et appuie fortement les approches interdisciplinaires. De m\u00eame, la revue encourage la publication des r\u00e9sultats de la recherche sous des formes diff\u00e9rentes du texte\u00a0: images, productions vid\u00e9o, etc.\r\n\r\nElle publie essentiellement des articles in\u00e9dits, non propos\u00e9s simultan\u00e9ment \u00e0 d\u2019autres revues, apr\u00e8s s\u00e9lection par les membres de son comit\u00e9 scientifique international (peer review, avec \u00e9valuation en double aveugle). Mais elle ne s\u2019interdit pas pour autant de publier, en traduction fran\u00e7aise ou anglaise, certains articles de th\u00e9orie ou de m\u00e9thode jug\u00e9s particuli\u00e8rement importants, et d\u00e9j\u00e0 parus ailleurs.\r\n\r\nLes principales langues sont le fran\u00e7ais et l\u2019anglais. Des articles peuvent \u00eatre publi\u00e9s dans les autres grandes langues europ\u00e9ennes de communication (espagnol, allemand, italien), accompagn\u00e9s d\u2019un r\u00e9sum\u00e9 tr\u00e8s circonstanci\u00e9 en anglais ou en fran\u00e7ais.\r\n\r\n<span style=\"text-decoration: underline;\">Direction de publication<\/span>\r\nMarie-Louise Pelus-Kaplan (Universit\u00e9 Paris-Diderot)\r\n\r\n<span style=\"text-decoration: underline;\">Comit\u00e9 de r\u00e9daction<\/span>\r\nVincenzo Cicchelli (Universit\u00e9 Paris Descartes), Liliane Crips (Universit\u00e9 Paris Diderot), Virginie Dercourt (Universit\u00e9 Paris 13), \u00c9ric Magnin (Universit\u00e9 Paris 7), Delphine Pag\u00e8s-El Karoui (INALCO), Marie-Louise Pelus-Kaplan (Universit\u00e9 Paris-Diderot), Patrick Renaud (Universit\u00e9 Sorbonne Nouvelle Paris 3), Madalina V\u00e2rtejanu-Joubert (INALCO).\r\n\r\n<span style=\"text-decoration: underline;\">Comit\u00e9 scientifique<\/span>\r\nMyriam Ababsa (IFPO\/Amman), Russell Belk (Universit\u00e9 de Toronto), Peter Blumenthal (Universit\u00e9 de K\u00f6ln), Hassen Boubakri (Universit\u00e9 de Sousse), Bernard Chavance (Universit\u00e9 Paris Diderot), Viviane Comerro de Pr\u00e9mare (CERCOM\/INALCO), \u00c9lisabeth Cunin (IRD), Han Entzinger (Universit\u00e9 de Rotterdam), Florence Gauthier (Universit\u00e9 Paris 7), Jean-Jacques Glassner (HAROC\/CNRS), David Inglis (University of Exeter), Tally Katz-Gerro (Universit\u00e9 de Haifa), Justin Kissangoula (Universit\u00e9 Paris Descartes), Yves-\u00c9douard Le Bos (Universit\u00e9 Sorbonne Nouvelle \u2013 Paris 3), Liliane Louvel (Universit\u00e9 de Poitiers), Maren M\u00f6hring (Universit\u00e9 de Leipzig), Lorenza Mondada (Universit\u00e9 de B\u00e2le), Nikolay Nenovsky (Universit\u00e9 Picardie Jules Verne), Massimo Pendenza (Universit\u00e9 de Salerne), Victor Pich\u00e9 (Universit\u00e9 de Mc Gill), Iwona Piechnik (Universit\u00e9 de Cracovie), Viviane Riegel (ESPM de Sao Paulo), David Rosenberg (Universit\u00e9 de Pittsburgh), Maciej Serwanski (Universit\u00e9 de Poznan), Emmanuel Vernadakis (Universit\u00e9 d\u2019Angers).\r\n\r\n&nbsp;\r\n<span style=\"text-decoration: underline;\">Secr\u00e9tariat de r\u00e9daction<\/span>\r\nGabrielle Chomentowski\r\nprogrammesp@gmail.com\r\n\r\nPartenaire \u00e9ditorial\r\nPresses de l\u2019INALCO\r\n2 rue de Lille\u2028 75007 Paris","_fr_post_name":"appel-a-communication-revue-societes-plurielles-varia","_fr_post_excerpt":"","_fr_post_title":"Appel \u00e0 communication - Revue Soci\u00e9t\u00e9s plurielles - Varia","_en_post_content":"","_en_post_name":"","_en_post_excerpt":"","_en_post_title":"","edit_language":"fr","footnotes":""},"categories":[12],"tags":[],"class_list":["post-1630","post","type-post","status-publish","format-standard","hentry","category-a-venir"],"_links":{"self":[{"href":"https:\/\/societesplurielles.fr\/fr\/wp-json\/wp\/v2\/posts\/1630","targetHints":{"allow":["GET"]}}],"collection":[{"href":"https:\/\/societesplurielles.fr\/fr\/wp-json\/wp\/v2\/posts"}],"about":[{"href":"https:\/\/societesplurielles.fr\/fr\/wp-json\/wp\/v2\/types\/post"}],"author":[{"embeddable":true,"href":"https:\/\/societesplurielles.fr\/fr\/wp-json\/wp\/v2\/users\/1"}],"replies":[{"embeddable":true,"href":"https:\/\/societesplurielles.fr\/fr\/wp-json\/wp\/v2\/comments?post=1630"}],"version-history":[{"count":2,"href":"https:\/\/societesplurielles.fr\/fr\/wp-json\/wp\/v2\/posts\/1630\/revisions"}],"predecessor-version":[{"id":1632,"href":"https:\/\/societesplurielles.fr\/fr\/wp-json\/wp\/v2\/posts\/1630\/revisions\/1632"}],"wp:attachment":[{"href":"https:\/\/societesplurielles.fr\/fr\/wp-json\/wp\/v2\/media?parent=1630"}],"wp:term":[{"taxonomy":"category","embeddable":true,"href":"https:\/\/societesplurielles.fr\/fr\/wp-json\/wp\/v2\/categories?post=1630"},{"taxonomy":"post_tag","embeddable":true,"href":"https:\/\/societesplurielles.fr\/fr\/wp-json\/wp\/v2\/tags?post=1630"}],"curies":[{"name":"wp","href":"https:\/\/api.w.org\/{rel}","templated":true}]}}