{"id":526,"date":"2015-01-19T08:02:44","date_gmt":"2015-01-19T07:02:44","guid":{"rendered":"http:\/\/localhost\/www\/SP-dev\/?p=526"},"modified":"2016-06-07T08:11:49","modified_gmt":"2016-06-07T06:11:49","slug":"la-figure-du-consommateur-immigre","status":"publish","type":"post","link":"https:\/\/societesplurielles.fr\/fr\/la-figure-du-consommateur-immigre\/","title":{"rendered":"La figure du consommateur immigr\u00e9"},"content":{"rendered":"<p><strong>La figure du consommateur immigr\u00e9 ou l\u2019impens\u00e9 des d\u00e9bats autour de l\u2019immigration en France et en Allemagne<\/strong><\/p>\n<p>Journ\u00e9es d\u2019\u00e9tudes, Berlin, organis\u00e9es par \u2028Virginie Silhouette-Dercourt (CEPN \/ CMB), Maren M\u00f6hring (Universit\u00e4t Leipzig), Marie Poinsot (revue Hommes et migrations) et Marie-Isabel Kane (Westf\u00e4lische Wilhelms-Universit\u00e4t) dans le cadre du projet \u00ab La figure du consommateur immigr\u00e9 \u00bb<\/p>\n","protected":false},"excerpt":{"rendered":"<p>La figure du consommateur immigr\u00e9 ou l\u2019impens\u00e9 des d\u00e9bats autour de l\u2019immigration en France et en Allemagne Journ\u00e9es d\u2019\u00e9tudes, Berlin, organis\u00e9es par \u2028Virginie Silhouette-Dercourt (CEPN \/ CMB), Maren M\u00f6hring (Universit\u00e4t Leipzig), Marie Poinsot (revue Hommes et migrations) et Marie-Isabel Kane (Westf\u00e4lische Wilhelms-Universit\u00e4t) dans le cadre du projet \u00ab La figure du consommateur immigr\u00e9 \u00bb<\/p>\n","protected":false},"author":1,"featured_media":0,"comment_status":"closed","ping_status":"closed","sticky":false,"template":"","format":"standard","meta":{"_fr_post_content":"<strong>La figure du consommateur immigr\u00e9 ou l\u2019impens\u00e9 des d\u00e9bats autour de l\u2019immigration en France et en Allemagne<\/strong>\r\n\r\nJourn\u00e9es d\u2019\u00e9tudes, Berlin, organis\u00e9es par \u2028Virginie Silhouette-Dercourt (CEPN \/ CMB), Maren M\u00f6hring (Universit\u00e4t Leipzig), Marie Poinsot (revue Hommes et migrations) et Marie-Isabel Kane (Westf\u00e4lische Wilhelms-Universit\u00e4t) dans le cadre du projet \u00ab La figure du consommateur immigr\u00e9 \u00bb","_fr_post_name":"la-figure-du-consommateur-immigre","_fr_post_excerpt":"","_fr_post_title":"La figure du consommateur immigr\u00e9","_en_post_content":"","_en_post_name":"","_en_post_excerpt":"","_en_post_title":"","edit_language":"fr","footnotes":""},"categories":[6],"tags":[],"class_list":["post-526","post","type-post","status-publish","format-standard","hentry","category-archives"],"_links":{"self":[{"href":"https:\/\/societesplurielles.fr\/fr\/wp-json\/wp\/v2\/posts\/526","targetHints":{"allow":["GET"]}}],"collection":[{"href":"https:\/\/societesplurielles.fr\/fr\/wp-json\/wp\/v2\/posts"}],"about":[{"href":"https:\/\/societesplurielles.fr\/fr\/wp-json\/wp\/v2\/types\/post"}],"author":[{"embeddable":true,"href":"https:\/\/societesplurielles.fr\/fr\/wp-json\/wp\/v2\/users\/1"}],"replies":[{"embeddable":true,"href":"https:\/\/societesplurielles.fr\/fr\/wp-json\/wp\/v2\/comments?post=526"}],"version-history":[{"count":1,"href":"https:\/\/societesplurielles.fr\/fr\/wp-json\/wp\/v2\/posts\/526\/revisions"}],"predecessor-version":[{"id":527,"href":"https:\/\/societesplurielles.fr\/fr\/wp-json\/wp\/v2\/posts\/526\/revisions\/527"}],"wp:attachment":[{"href":"https:\/\/societesplurielles.fr\/fr\/wp-json\/wp\/v2\/media?parent=526"}],"wp:term":[{"taxonomy":"category","embeddable":true,"href":"https:\/\/societesplurielles.fr\/fr\/wp-json\/wp\/v2\/categories?post=526"},{"taxonomy":"post_tag","embeddable":true,"href":"https:\/\/societesplurielles.fr\/fr\/wp-json\/wp\/v2\/tags?post=526"}],"curies":[{"name":"wp","href":"https:\/\/api.w.org\/{rel}","templated":true}]}}