{"id":532,"date":"2015-02-26T08:08:06","date_gmt":"2015-02-26T07:08:06","guid":{"rendered":"http:\/\/localhost\/www\/SP-dev\/?p=532"},"modified":"2016-06-07T08:11:01","modified_gmt":"2016-06-07T06:11:01","slug":"beyond-the-brain-drain","status":"publish","type":"post","link":"https:\/\/societesplurielles.fr\/fr\/beyond-the-brain-drain\/","title":{"rendered":"Beyond the brain drain"},"content":{"rendered":"<p>Colloque organis\u00e9 par Speranta Dumitru (Universit\u00e9 Paris Descartes \/ CERSES), St\u00e9phane Chauvier (Universit\u00e9 Paris Sorbonne \/ Paris IV \/ D\u00e9partement de philosophie) et Caroline Caplan (Universit\u00e9 Paris Descartes \/ CERLIS) dans le cadre du projet \u00ab Migration comme d\u00e9veloppement humain \u00bb<\/p>\n<hr \/>\n<h2>Programme<\/h2>\n<p>SKILLS &amp; MOBILITY<br \/>\nWITHOUT METHODOLOGICAL NATIONALISM<\/p>\n<p>Conveners: Speranta Dumitru (Paris 5), St\u00e9phane Chauvier (Paris 4), Caroline Caplan (Paris 5)<\/p>\n<p>26-27 March 2015<br \/>\nSalle des Th\u00e8ses 5e \u00e9tage B\u00e2t. Jacob<br \/>\n45 rue des Saints-P\u00e8res Paris Descartes<\/p>\n<p>Thursday 26th Mobility<\/p>\n<p>Introduction: Chair: St\u00e9phane Chauvier (P4)<\/p>\n<p>9.15 \u2013 9.30 Speranta Dumitru (Paris 5) Introducing the project<\/p>\n<p>9.30 \u2013 10.15 Alex Sager (Portland) The Critique of Methodological Nationalism and \u201cBrain Drain\u201d<\/p>\n<p>Coffee Break<\/p>\n<p>Neither utility, nor rights?<\/p>\n<p>Chair: Caroline Caplan (P5)<\/p>\n<p>10.30 \u2013 11.30 Antoine P\u00e9coud (Paris 13) Brain Drain and the free movement of people<\/p>\n<p>11.30 \u2013 12.15 Adina Preda (Limerick) Some reflections about the rights and freedoms to migrate<\/p>\n<p>LUNCH<\/p>\n<p>The states\u2019 perspective<\/p>\n<p>chair: Camille Schmoll (P7)<\/p>\n<p>14.30- 15.15 Lucie Cerna (Compas Oxford)The policy implications of the war on talent<\/p>\n<p>15.15 \u2013 16.00 Oliviero Angeli (Dresden) Taxing the entrants to protect the stayers? On the prospective responsibility of skilled migrants<\/p>\n<p>Break<\/p>\n<p>A plea for change<\/p>\n<p>Chair: H\u00e9l\u00e8ne Thiollet (CERI)<\/p>\n<p>16.15 \u2013 17.15 Michael Clemens (CGD, Washington): Losing our minds? A fresh Start in considering policy toward skilled emigration<\/p>\n<p>17.15 \u2013 17.45 General discussion<\/p>\n<p>Friday 27th Skills<\/p>\n<p>Whose skills, which serfdom?<\/p>\n<p>Chair: Shirin Shahrokni (INED)<\/p>\n<p>9.30- 10.15 Valeria Ottonelli (Genova): The \u00ab global drain \u00bb of domestic care work: what\u2019s wrong with it?<\/p>\n<p>Coffee Break<\/p>\n<p>10.30 \u2013 11.30 Bernardo Bolanos &amp; Camelia Tigau (Mexico): Diasporas and colonialism. The geopolitical dimension of skilled migration<\/p>\n<p>11.30 \u2013 12.15 Christine Straehle (Ottawa): Are they my Skilled? Anti-emigration measures from a liberal perspectiv<\/p>\n<p>Lunch<\/p>\n<p>Cosmopolitan Views<\/p>\n<p>Chair: St\u00e9phane Dufoix (paris 10)<\/p>\n<p>14.00- 14.45 Phillip Cole(U West of England): Labor mobility: towards a cosmopolitan ethic<\/p>\n<p>14.45 \u2013 15.30 Jean-Baptiste Meyer(IRD Montpellier): Brain drain and the cosmopolis: conflicting views\u2026 or may be not<\/p>\n<p>Break<\/p>\n<p>Towards a new perspective on skills<\/p>\n<p>Chair: Yves Boquet (U of Bourgogne)<\/p>\n<p>16.00 \u2013 17.00 Parvati Raghuram(Open University) Dis\/locating skills<\/p>\n<p>17.00 \u2013 17.30 General discussion<\/p>\n<p>The conference is part of iNAME (Political theories of immigration and methodological nationalism, a research project at Paris Descartes) and of Soci\u00e9t\u00e9s plurielles, an Interdisciplinary Program of the University Sorbonne Paris Cit\u00e9. It is organized by CERLIS (CNRS), INALCO and SND, Paris 4.<\/p>\n","protected":false},"excerpt":{"rendered":"<p>Colloque organis\u00e9 par Speranta Dumitru (Universit\u00e9 Paris Descartes \/ CERSES), St\u00e9phane Chauvier (Universit\u00e9 Paris Sorbonne \/ Paris IV \/ D\u00e9partement de philosophie) et Caroline Caplan (Universit\u00e9 Paris Descartes \/ CERLIS) dans le cadre du projet \u00ab Migration comme d\u00e9veloppement humain \u00bb Programme SKILLS &amp; MOBILITY WITHOUT METHODOLOGICAL NATIONALISM Conveners: Speranta Dumitru (Paris 5), St\u00e9phane Chauvier [&hellip;]<\/p>\n","protected":false},"author":1,"featured_media":0,"comment_status":"closed","ping_status":"closed","sticky":false,"template":"","format":"standard","meta":{"_fr_post_content":"Colloque organis\u00e9 par Speranta Dumitru (Universit\u00e9 Paris Descartes \/ CERSES), St\u00e9phane Chauvier (Universit\u00e9 Paris Sorbonne \/ Paris IV \/ D\u00e9partement de philosophie) et Caroline Caplan (Universit\u00e9 Paris Descartes \/ CERLIS) dans le cadre du projet \u00ab Migration comme d\u00e9veloppement humain \u00bb\r\n\r\n<hr \/>\r\n\r\n<h2>Programme<\/h2>\r\nSKILLS &amp; MOBILITY\r\nWITHOUT METHODOLOGICAL NATIONALISM\r\n\r\nConveners: Speranta Dumitru (Paris 5), St\u00e9phane Chauvier (Paris 4), Caroline Caplan (Paris 5)\r\n\r\n26-27 March 2015\r\nSalle des Th\u00e8ses 5e \u00e9tage B\u00e2t. Jacob\r\n45 rue des Saints-P\u00e8res Paris Descartes\r\n\r\nThursday 26th Mobility\r\n\r\nIntroduction: Chair: St\u00e9phane Chauvier (P4)\r\n\r\n9.15 \u2013 9.30 Speranta Dumitru (Paris 5) Introducing the project\r\n\r\n9.30 \u2013 10.15 Alex Sager (Portland) The Critique of Methodological Nationalism and \u201cBrain Drain\u201d\r\n\r\nCoffee Break\r\n\r\nNeither utility, nor rights?\r\n\r\nChair: Caroline Caplan (P5)\r\n\r\n10.30 \u2013 11.30 Antoine P\u00e9coud (Paris 13) Brain Drain and the free movement of people\r\n\r\n11.30 \u2013 12.15 Adina Preda (Limerick) Some reflections about the rights and freedoms to migrate\r\n\r\nLUNCH\r\n\r\nThe states\u2019 perspective\r\n\r\nchair: Camille Schmoll (P7)\r\n\r\n14.30- 15.15 Lucie Cerna (Compas Oxford)The policy implications of the war on talent\r\n\r\n15.15 \u2013 16.00 Oliviero Angeli (Dresden) Taxing the entrants to protect the stayers? On the prospective responsibility of skilled migrants\r\n\r\nBreak\r\n\r\nA plea for change\r\n\r\nChair: H\u00e9l\u00e8ne Thiollet (CERI)\r\n\r\n16.15 \u2013 17.15 Michael Clemens (CGD, Washington): Losing our minds? A fresh Start in considering policy toward skilled emigration\r\n\r\n17.15 \u2013 17.45 General discussion\r\n\r\nFriday 27th Skills\r\n\r\nWhose skills, which serfdom?\r\n\r\nChair: Shirin Shahrokni (INED)\r\n\r\n9.30- 10.15 Valeria Ottonelli (Genova): The \u00ab global drain \u00bb of domestic care work: what\u2019s wrong with it?\r\n\r\nCoffee Break\r\n\r\n10.30 \u2013 11.30 Bernardo Bolanos &amp; Camelia Tigau (Mexico): Diasporas and colonialism. The geopolitical dimension of skilled migration\r\n\r\n11.30 \u2013 12.15 Christine Straehle (Ottawa): Are they my Skilled? Anti-emigration measures from a liberal perspectiv\r\n\r\nLunch\r\n\r\nCosmopolitan Views\r\n\r\nChair: St\u00e9phane Dufoix (paris 10)\r\n\r\n14.00- 14.45 Phillip Cole(U West of England): Labor mobility: towards a cosmopolitan ethic\r\n\r\n14.45 \u2013 15.30 Jean-Baptiste Meyer(IRD Montpellier): Brain drain and the cosmopolis: conflicting views\u2026 or may be not\r\n\r\nBreak\r\n\r\nTowards a new perspective on skills\r\n\r\nChair: Yves Boquet (U of Bourgogne)\r\n\r\n16.00 \u2013 17.00 Parvati Raghuram(Open University) Dis\/locating skills\r\n\r\n17.00 \u2013 17.30 General discussion\r\n\r\nThe conference is part of iNAME (Political theories of immigration and methodological nationalism, a research project at Paris Descartes) and of Soci\u00e9t\u00e9s plurielles, an Interdisciplinary Program of the University Sorbonne Paris Cit\u00e9. It is organized by CERLIS (CNRS), INALCO and SND, Paris 4.","_fr_post_name":"beyond-the-brain-drain","_fr_post_excerpt":"","_fr_post_title":"Beyond the brain drain","_en_post_content":"","_en_post_name":"","_en_post_excerpt":"","_en_post_title":"","edit_language":"fr","footnotes":""},"categories":[6],"tags":[],"class_list":["post-532","post","type-post","status-publish","format-standard","hentry","category-archives"],"_links":{"self":[{"href":"https:\/\/societesplurielles.fr\/fr\/wp-json\/wp\/v2\/posts\/532","targetHints":{"allow":["GET"]}}],"collection":[{"href":"https:\/\/societesplurielles.fr\/fr\/wp-json\/wp\/v2\/posts"}],"about":[{"href":"https:\/\/societesplurielles.fr\/fr\/wp-json\/wp\/v2\/types\/post"}],"author":[{"embeddable":true,"href":"https:\/\/societesplurielles.fr\/fr\/wp-json\/wp\/v2\/users\/1"}],"replies":[{"embeddable":true,"href":"https:\/\/societesplurielles.fr\/fr\/wp-json\/wp\/v2\/comments?post=532"}],"version-history":[{"count":1,"href":"https:\/\/societesplurielles.fr\/fr\/wp-json\/wp\/v2\/posts\/532\/revisions"}],"predecessor-version":[{"id":533,"href":"https:\/\/societesplurielles.fr\/fr\/wp-json\/wp\/v2\/posts\/532\/revisions\/533"}],"wp:attachment":[{"href":"https:\/\/societesplurielles.fr\/fr\/wp-json\/wp\/v2\/media?parent=532"}],"wp:term":[{"taxonomy":"category","embeddable":true,"href":"https:\/\/societesplurielles.fr\/fr\/wp-json\/wp\/v2\/categories?post=532"},{"taxonomy":"post_tag","embeddable":true,"href":"https:\/\/societesplurielles.fr\/fr\/wp-json\/wp\/v2\/tags?post=532"}],"curies":[{"name":"wp","href":"https:\/\/api.w.org\/{rel}","templated":true}]}}