{"id":548,"date":"2015-03-25T08:47:13","date_gmt":"2015-03-25T07:47:13","guid":{"rendered":"http:\/\/localhost\/www\/SP-dev\/?p=548"},"modified":"2016-06-09T15:33:26","modified_gmt":"2016-06-09T13:33:26","slug":"travailler-la-notion-dimaginaire-historiens-et-geographes-2","status":"publish","type":"post","link":"https:\/\/societesplurielles.fr\/fr\/travailler-la-notion-dimaginaire-historiens-et-geographes-2\/","title":{"rendered":"Travailler la notion d\u2019imaginaire : historiens et g\u00e9ographes"},"content":{"rendered":"<p><strong>S\u00e9minaire transversal organis\u00e9 par Soci\u00e9t\u00e9s plurielles \u00e0 l\u2019INALCO<\/strong><\/p>\n<p><iframe loading=\"lazy\" title=\"S\u00e9minaire Madalina Vartejanu-Joubert\" width=\"629\" height=\"354\" src=\"https:\/\/www.youtube.com\/embed\/kPKTfeJ3sio?feature=oembed\" frameborder=\"0\" allow=\"accelerometer; autoplay; clipboard-write; encrypted-media; gyroscope; picture-in-picture; web-share\" referrerpolicy=\"strict-origin-when-cross-origin\" allowfullscreen><\/iframe><\/p>\n<p><iframe loading=\"lazy\" title=\"S\u00e9minaire Pag\u00e8s El Karoui\" width=\"629\" height=\"354\" src=\"https:\/\/www.youtube.com\/embed\/BQlo45_iim4?feature=oembed\" frameborder=\"0\" allow=\"accelerometer; autoplay; clipboard-write; encrypted-media; gyroscope; picture-in-picture; web-share\" referrerpolicy=\"strict-origin-when-cross-origin\" allowfullscreen><\/iframe><\/p>\n","protected":false},"excerpt":{"rendered":"<p>S\u00e9minaire transversal organis\u00e9 par Soci\u00e9t\u00e9s plurielles \u00e0 l\u2019INALCO<\/p>\n","protected":false},"author":1,"featured_media":0,"comment_status":"closed","ping_status":"closed","sticky":false,"template":"","format":"standard","meta":{"_fr_post_content":"<strong>S\u00e9minaire transversal organis\u00e9 par Soci\u00e9t\u00e9s plurielles \u00e0 l\u2019INALCO<\/strong>\r\n\r\n[embed]https:\/\/www.youtube.com\/watch?v=kPKTfeJ3sio[\/embed]\r\n\r\n[embed]https:\/\/www.youtube.com\/watch?v=BQlo45_iim4[\/embed]","_fr_post_name":"travailler-la-notion-dimaginaire-historiens-et-geographes-2","_fr_post_excerpt":"","_fr_post_title":"Travailler la notion d\u2019imaginaire : historiens et g\u00e9ographes","_en_post_content":"","_en_post_name":"","_en_post_excerpt":"","_en_post_title":"","edit_language":"fr","footnotes":""},"categories":[6,11],"tags":[],"class_list":["post-548","post","type-post","status-publish","format-standard","hentry","category-archives","category-videos"],"_links":{"self":[{"href":"https:\/\/societesplurielles.fr\/fr\/wp-json\/wp\/v2\/posts\/548","targetHints":{"allow":["GET"]}}],"collection":[{"href":"https:\/\/societesplurielles.fr\/fr\/wp-json\/wp\/v2\/posts"}],"about":[{"href":"https:\/\/societesplurielles.fr\/fr\/wp-json\/wp\/v2\/types\/post"}],"author":[{"embeddable":true,"href":"https:\/\/societesplurielles.fr\/fr\/wp-json\/wp\/v2\/users\/1"}],"replies":[{"embeddable":true,"href":"https:\/\/societesplurielles.fr\/fr\/wp-json\/wp\/v2\/comments?post=548"}],"version-history":[{"count":2,"href":"https:\/\/societesplurielles.fr\/fr\/wp-json\/wp\/v2\/posts\/548\/revisions"}],"predecessor-version":[{"id":553,"href":"https:\/\/societesplurielles.fr\/fr\/wp-json\/wp\/v2\/posts\/548\/revisions\/553"}],"wp:attachment":[{"href":"https:\/\/societesplurielles.fr\/fr\/wp-json\/wp\/v2\/media?parent=548"}],"wp:term":[{"taxonomy":"category","embeddable":true,"href":"https:\/\/societesplurielles.fr\/fr\/wp-json\/wp\/v2\/categories?post=548"},{"taxonomy":"post_tag","embeddable":true,"href":"https:\/\/societesplurielles.fr\/fr\/wp-json\/wp\/v2\/tags?post=548"}],"curies":[{"name":"wp","href":"https:\/\/api.w.org\/{rel}","templated":true}]}}