{"id":576,"date":"2015-04-28T19:08:06","date_gmt":"2015-04-28T17:08:06","guid":{"rendered":"http:\/\/localhost\/www\/SP-dev\/?p=576"},"modified":"2016-06-09T19:13:01","modified_gmt":"2016-06-09T17:13:01","slug":"produire-du-savoir-sur-les-migrations","status":"publish","type":"post","link":"https:\/\/societesplurielles.fr\/fr\/produire-du-savoir-sur-les-migrations\/","title":{"rendered":"Produire du savoir sur les migrations"},"content":{"rendered":"<p><strong>Produire du savoir sur les migrations : enjeux m\u00e9thodologiques, \u00e9pist\u00e9mologiques et \u00e9thiques<\/strong><\/p>\n<p>Depuis une vingtaine d\u2019ann\u00e9es, l\u2019int\u00e9r\u00eat social et politique pour les migrations internationales s\u2019est accru consid\u00e9rablement. Une des cons\u00e9quences de cet int\u00e9r\u00eat est le nombre croissant d\u2019acteurs et d\u2019institutions qui s\u2019investissent dans la production de connaissances et dans l\u2019analyse des enjeux migratoires. Outre les Etats eux-m\u00eames et la communaut\u00e9 universitaire, les organisations non-gouvernementales (ONG), les acteurs internationaux (comme les organisations internationales et intergouvernementales), ainsi que les \u2018experts\u2019 ou les think tanks, alimentent aujourd\u2019hui la recherche et les d\u00e9bats sur les migrations. Cette journ\u00e9e d\u2019\u00e9tudes se propose d\u2019analyser les enjeux m\u00e9thodologiques, \u00e9pist\u00e9mologiques et \u00e9thiques soulev\u00e9s par cet int\u00e9r\u00eat croissant \u00e0 l\u2019\u00e9gard des enjeux migratoires. Elle se tiendra \u00e0 l\u2019Universit\u00e9 Paris 13 les 28 et 29 mai 2015.<\/p>\n<pre><a href=\"http:\/\/www.univ-paris13.fr\/ceral\/?p=519\" target=\"_blank\"><strong>Plus d'informations<\/strong><\/a><\/pre>\n","protected":false},"excerpt":{"rendered":"<p>Produire du savoir sur les migrations : enjeux m\u00e9thodologiques, \u00e9pist\u00e9mologiques et \u00e9thiques Depuis une vingtaine d\u2019ann\u00e9es, l\u2019int\u00e9r\u00eat social et politique pour les migrations internationales s\u2019est accru consid\u00e9rablement. Une des cons\u00e9quences de cet int\u00e9r\u00eat est le nombre croissant d\u2019acteurs et d\u2019institutions qui s\u2019investissent dans la production de connaissances et dans l\u2019analyse des enjeux migratoires. Outre les [&hellip;]<\/p>\n","protected":false},"author":1,"featured_media":0,"comment_status":"closed","ping_status":"closed","sticky":false,"template":"","format":"standard","meta":{"_fr_post_content":"<strong>Produire du savoir sur les migrations : enjeux m\u00e9thodologiques, \u00e9pist\u00e9mologiques et \u00e9thiques<\/strong>\r\n\r\nDepuis une vingtaine d\u2019ann\u00e9es, l\u2019int\u00e9r\u00eat social et politique pour les migrations internationales s\u2019est accru consid\u00e9rablement. Une des cons\u00e9quences de cet int\u00e9r\u00eat est le nombre croissant d\u2019acteurs et d\u2019institutions qui s\u2019investissent dans la production de connaissances et dans l\u2019analyse des enjeux migratoires. Outre les Etats eux-m\u00eames et la communaut\u00e9 universitaire, les organisations non-gouvernementales (ONG), les acteurs internationaux (comme les organisations internationales et intergouvernementales), ainsi que les \u2018experts\u2019 ou les think tanks, alimentent aujourd\u2019hui la recherche et les d\u00e9bats sur les migrations. Cette journ\u00e9e d\u2019\u00e9tudes se propose d\u2019analyser les enjeux m\u00e9thodologiques, \u00e9pist\u00e9mologiques et \u00e9thiques soulev\u00e9s par cet int\u00e9r\u00eat croissant \u00e0 l\u2019\u00e9gard des enjeux migratoires. Elle se tiendra \u00e0 l\u2019Universit\u00e9 Paris 13 les 28 et 29 mai 2015.\r\n<pre><a href=\"http:\/\/www.univ-paris13.fr\/ceral\/?p=519\" target=\"_blank\"><strong>Plus d'informations<\/strong><\/a><\/pre>","_fr_post_name":"produire-du-savoir-sur-les-migrations","_fr_post_excerpt":"","_fr_post_title":"Produire du savoir sur les migrations","_en_post_content":"","_en_post_name":"","_en_post_excerpt":"","_en_post_title":"","edit_language":"fr","footnotes":""},"categories":[6],"tags":[],"class_list":["post-576","post","type-post","status-publish","format-standard","hentry","category-archives"],"_links":{"self":[{"href":"https:\/\/societesplurielles.fr\/fr\/wp-json\/wp\/v2\/posts\/576","targetHints":{"allow":["GET"]}}],"collection":[{"href":"https:\/\/societesplurielles.fr\/fr\/wp-json\/wp\/v2\/posts"}],"about":[{"href":"https:\/\/societesplurielles.fr\/fr\/wp-json\/wp\/v2\/types\/post"}],"author":[{"embeddable":true,"href":"https:\/\/societesplurielles.fr\/fr\/wp-json\/wp\/v2\/users\/1"}],"replies":[{"embeddable":true,"href":"https:\/\/societesplurielles.fr\/fr\/wp-json\/wp\/v2\/comments?post=576"}],"version-history":[{"count":1,"href":"https:\/\/societesplurielles.fr\/fr\/wp-json\/wp\/v2\/posts\/576\/revisions"}],"predecessor-version":[{"id":577,"href":"https:\/\/societesplurielles.fr\/fr\/wp-json\/wp\/v2\/posts\/576\/revisions\/577"}],"wp:attachment":[{"href":"https:\/\/societesplurielles.fr\/fr\/wp-json\/wp\/v2\/media?parent=576"}],"wp:term":[{"taxonomy":"category","embeddable":true,"href":"https:\/\/societesplurielles.fr\/fr\/wp-json\/wp\/v2\/categories?post=576"},{"taxonomy":"post_tag","embeddable":true,"href":"https:\/\/societesplurielles.fr\/fr\/wp-json\/wp\/v2\/tags?post=576"}],"curies":[{"name":"wp","href":"https:\/\/api.w.org\/{rel}","templated":true}]}}