{"id":578,"date":"2015-05-24T19:22:17","date_gmt":"2015-05-24T17:22:17","guid":{"rendered":"http:\/\/localhost\/www\/SP-dev\/?p=578"},"modified":"2016-06-09T19:43:45","modified_gmt":"2016-06-09T17:43:45","slug":"la-crise-forme-multiple-et-resilience","status":"publish","type":"post","link":"https:\/\/societesplurielles.fr\/fr\/la-crise-forme-multiple-et-resilience\/","title":{"rendered":"La crise : forme multiple et r\u00e9silience"},"content":{"rendered":"<p><strong>S\u00e9minaire transversal organis\u00e9 par Soci\u00e9t\u00e9s plurielles \u00e0 l\u2019INALCO<\/strong><\/p>\n<p><iframe loading=\"lazy\" title=\"S\u00e9minaire Catherine Poujol\" width=\"629\" height=\"354\" src=\"https:\/\/www.youtube.com\/embed\/LT1cSN-sFy0?feature=oembed\" frameborder=\"0\" allow=\"accelerometer; autoplay; clipboard-write; encrypted-media; gyroscope; picture-in-picture; web-share\" referrerpolicy=\"strict-origin-when-cross-origin\" allowfullscreen><\/iframe><\/p>\n<p><iframe loading=\"lazy\" title=\"S\u00e9minaire Lila Belkacem\" width=\"629\" height=\"354\" src=\"https:\/\/www.youtube.com\/embed\/bXH0zU5REd4?feature=oembed\" frameborder=\"0\" allow=\"accelerometer; autoplay; clipboard-write; encrypted-media; gyroscope; picture-in-picture; web-share\" referrerpolicy=\"strict-origin-when-cross-origin\" allowfullscreen><\/iframe><\/p>\n","protected":false},"excerpt":{"rendered":"<p>S\u00e9minaire transversal organis\u00e9 par Soci\u00e9t\u00e9s plurielles \u00e0 l\u2019INALCO<\/p>\n","protected":false},"author":1,"featured_media":0,"comment_status":"closed","ping_status":"closed","sticky":false,"template":"","format":"standard","meta":{"_fr_post_content":"<strong>S\u00e9minaire transversal organis\u00e9 par Soci\u00e9t\u00e9s plurielles \u00e0 l\u2019INALCO<\/strong>\r\n\r\n[embed]https:\/\/www.youtube.com\/watch?v=LT1cSN-sFy0[\/embed]\r\n\r\n[embed]https:\/\/www.youtube.com\/watch?v=bXH0zU5REd4[\/embed]","_fr_post_name":"la-crise-forme-multiple-et-resilience","_fr_post_excerpt":"","_fr_post_title":"La crise : forme multiple et r\u00e9silience","_en_post_content":"","_en_post_name":"","_en_post_excerpt":"","_en_post_title":"","edit_language":"fr","footnotes":""},"categories":[6,11],"tags":[],"class_list":["post-578","post","type-post","status-publish","format-standard","hentry","category-archives","category-videos"],"_links":{"self":[{"href":"https:\/\/societesplurielles.fr\/fr\/wp-json\/wp\/v2\/posts\/578","targetHints":{"allow":["GET"]}}],"collection":[{"href":"https:\/\/societesplurielles.fr\/fr\/wp-json\/wp\/v2\/posts"}],"about":[{"href":"https:\/\/societesplurielles.fr\/fr\/wp-json\/wp\/v2\/types\/post"}],"author":[{"embeddable":true,"href":"https:\/\/societesplurielles.fr\/fr\/wp-json\/wp\/v2\/users\/1"}],"replies":[{"embeddable":true,"href":"https:\/\/societesplurielles.fr\/fr\/wp-json\/wp\/v2\/comments?post=578"}],"version-history":[{"count":2,"href":"https:\/\/societesplurielles.fr\/fr\/wp-json\/wp\/v2\/posts\/578\/revisions"}],"predecessor-version":[{"id":584,"href":"https:\/\/societesplurielles.fr\/fr\/wp-json\/wp\/v2\/posts\/578\/revisions\/584"}],"wp:attachment":[{"href":"https:\/\/societesplurielles.fr\/fr\/wp-json\/wp\/v2\/media?parent=578"}],"wp:term":[{"taxonomy":"category","embeddable":true,"href":"https:\/\/societesplurielles.fr\/fr\/wp-json\/wp\/v2\/categories?post=578"},{"taxonomy":"post_tag","embeddable":true,"href":"https:\/\/societesplurielles.fr\/fr\/wp-json\/wp\/v2\/tags?post=578"}],"curies":[{"name":"wp","href":"https:\/\/api.w.org\/{rel}","templated":true}]}}