{"id":593,"date":"2015-08-25T20:31:05","date_gmt":"2015-08-25T18:31:05","guid":{"rendered":"http:\/\/localhost\/www\/SP-dev\/?p=593"},"modified":"2017-03-09T21:09:34","modified_gmt":"2017-03-09T20:09:34","slug":"revolutions-de-couleur-et-printemps-arabes","status":"publish","type":"post","link":"https:\/\/societesplurielles.fr\/fr\/revolutions-de-couleur-et-printemps-arabes\/","title":{"rendered":"R\u00e9volutions de couleur et printemps arabes"},"content":{"rendered":"<p><strong>Peut-on comparer les \u00ab\u00a0r\u00e9volutions de couleur\u00a0\u00bb et les \u00ab\u00a0printemps arabes\u00a0\u00bb ?<\/strong><\/p>\n<p>Colloque international organis\u00e9 par Anne de Tinguy (INALCO, CREE\/CERI) et Jean-Yves Moisseron (IRD, GESSMA) dans le cadre du projet \u00ab Dynamiques d\u00e9mocratiques et changements institutionnels dans les pays de l\u2019Est et dans le monde arabe : l\u2019\u00e9mergence de soci\u00e9t\u00e9s plurielles dans le temps long \u00bb\u2028.<\/p>\n<p>Les crises et les conflits sont des temps forts des processus de d\u00e9mocratisation qui sont rarement lin\u00e9aires. Selon les cas, ils sont (ou sont susceptibles d\u2019\u00eatre) l\u2019aboutissement et les r\u00e9v\u00e9lateurs des forces profondes des \u00e9volutions soci\u00e9tales et de formidables acc\u00e9l\u00e9rateurs des processus en cours. L\u2019originalit\u00e9 de la r\u00e9flexion propos\u00e9e ici est de confronter les outils th\u00e9oriques et m\u00e9thodologiques mobilis\u00e9s dans l\u2019\u00e9tude du processus de d\u00e9mocratisation dans deux zones g\u00e9ographiques analys\u00e9es jusque-l\u00e0 s\u00e9par\u00e9ment : l\u2019Eurasie et les pays arabes. L\u2019enjeu de cette comparaison est double : mettre en lumi\u00e8re les dynamiques endog\u00e8nes et exog\u00e8nes des changements ; proposer une s\u00e9rie de \u00ab\u00a0marqueurs\u00a0\u00bb qui ne se r\u00e9sument pas aux indicateurs con\u00e7us par les bailleurs de fonds internationaux mais qui prennent en compte les perceptions de cat\u00e9gories d\u2019acteurs et de groupes sociaux diff\u00e9rents.<\/p>\n<pre><a href=\"http:\/\/www.sciencespo.fr\/ceri\/evenements\/?id=4064&amp;fromnews=da913348b4d7de5a71c9ac2f6a973a6d#\/?lang=fr&amp;id=4064\" target=\"_blank\"><strong>Plus d'informations sur le site de SciencesPo<\/strong><\/a><\/pre>\n","protected":false},"excerpt":{"rendered":"<p>Peut-on comparer les \u00ab\u00a0r\u00e9volutions de couleur\u00a0\u00bb et les \u00ab\u00a0printemps arabes\u00a0\u00bb ? Colloque international organis\u00e9 par Anne de Tinguy (INALCO, CREE\/CERI) et Jean-Yves Moisseron (IRD, GESSMA) dans le cadre du projet \u00ab Dynamiques d\u00e9mocratiques et changements institutionnels dans les pays de l\u2019Est et dans le monde arabe : l\u2019\u00e9mergence de soci\u00e9t\u00e9s plurielles dans le temps long [&hellip;]<\/p>\n","protected":false},"author":1,"featured_media":0,"comment_status":"closed","ping_status":"closed","sticky":false,"template":"","format":"standard","meta":{"_fr_post_content":"<strong>Peut-on comparer les \"r\u00e9volutions de couleur\" et les \"printemps arabes\" ?<\/strong>\r\n\r\nColloque international organis\u00e9 par Anne de Tinguy (INALCO, CREE\/CERI) et Jean-Yves Moisseron (IRD, GESSMA) dans le cadre du projet \u00ab Dynamiques d\u00e9mocratiques et changements institutionnels dans les pays de l\u2019Est et dans le monde arabe : l\u2019\u00e9mergence de soci\u00e9t\u00e9s plurielles dans le temps long \u00bb\u2028.\r\n\r\nLes crises et les conflits sont des temps forts des processus de d\u00e9mocratisation qui sont rarement lin\u00e9aires. Selon les cas, ils sont (ou sont susceptibles d\u2019\u00eatre) l\u2019aboutissement et les r\u00e9v\u00e9lateurs des forces profondes des \u00e9volutions soci\u00e9tales et de formidables acc\u00e9l\u00e9rateurs des processus en cours. L\u2019originalit\u00e9 de la r\u00e9flexion propos\u00e9e ici est de confronter les outils th\u00e9oriques et m\u00e9thodologiques mobilis\u00e9s dans l\u2019\u00e9tude du processus de d\u00e9mocratisation dans deux zones g\u00e9ographiques analys\u00e9es jusque-l\u00e0 s\u00e9par\u00e9ment : l\u2019Eurasie et les pays arabes. L\u2019enjeu de cette comparaison est double : mettre en lumi\u00e8re les dynamiques endog\u00e8nes et exog\u00e8nes des changements ; proposer une s\u00e9rie de \u00ab\u00a0marqueurs\u00a0\u00bb qui ne se r\u00e9sument pas aux indicateurs con\u00e7us par les bailleurs de fonds internationaux mais qui prennent en compte les perceptions de cat\u00e9gories d\u2019acteurs et de groupes sociaux diff\u00e9rents.\r\n<pre><a href=\"http:\/\/www.sciencespo.fr\/ceri\/evenements\/?id=4064&amp;fromnews=da913348b4d7de5a71c9ac2f6a973a6d#\/?lang=fr&amp;id=4064\" target=\"_blank\"><strong>Plus d'informations sur le site de SciencesPo<\/strong><\/a><\/pre>","_fr_post_name":"revolutions-de-couleur-et-printemps-arabes","_fr_post_excerpt":"","_fr_post_title":"R\u00e9volutions de couleur et printemps arabes","_en_post_content":"","_en_post_name":"","_en_post_excerpt":"","_en_post_title":"","edit_language":"fr","footnotes":""},"categories":[6],"tags":[],"class_list":["post-593","post","type-post","status-publish","format-standard","hentry","category-archives"],"_links":{"self":[{"href":"https:\/\/societesplurielles.fr\/fr\/wp-json\/wp\/v2\/posts\/593","targetHints":{"allow":["GET"]}}],"collection":[{"href":"https:\/\/societesplurielles.fr\/fr\/wp-json\/wp\/v2\/posts"}],"about":[{"href":"https:\/\/societesplurielles.fr\/fr\/wp-json\/wp\/v2\/types\/post"}],"author":[{"embeddable":true,"href":"https:\/\/societesplurielles.fr\/fr\/wp-json\/wp\/v2\/users\/1"}],"replies":[{"embeddable":true,"href":"https:\/\/societesplurielles.fr\/fr\/wp-json\/wp\/v2\/comments?post=593"}],"version-history":[{"count":6,"href":"https:\/\/societesplurielles.fr\/fr\/wp-json\/wp\/v2\/posts\/593\/revisions"}],"predecessor-version":[{"id":1061,"href":"https:\/\/societesplurielles.fr\/fr\/wp-json\/wp\/v2\/posts\/593\/revisions\/1061"}],"wp:attachment":[{"href":"https:\/\/societesplurielles.fr\/fr\/wp-json\/wp\/v2\/media?parent=593"}],"wp:term":[{"taxonomy":"category","embeddable":true,"href":"https:\/\/societesplurielles.fr\/fr\/wp-json\/wp\/v2\/categories?post=593"},{"taxonomy":"post_tag","embeddable":true,"href":"https:\/\/societesplurielles.fr\/fr\/wp-json\/wp\/v2\/tags?post=593"}],"curies":[{"name":"wp","href":"https:\/\/api.w.org\/{rel}","templated":true}]}}