{"id":595,"date":"2015-09-17T20:34:45","date_gmt":"2015-09-17T18:34:45","guid":{"rendered":"http:\/\/localhost\/www\/SP-dev\/?p=595"},"modified":"2016-06-22T18:13:58","modified_gmt":"2016-06-22T16:13:58","slug":"roms-migrants","status":"publish","type":"post","link":"https:\/\/societesplurielles.fr\/fr\/roms-migrants\/","title":{"rendered":"Roms migrants"},"content":{"rendered":"<p><strong>Roms migrants : politiques, ressources et pratiques d\u2019insertion en Seine-Saint-Denis<\/strong><\/p>\n<p>Journ\u00e9e d&rsquo;\u00e9tudes organis\u00e9e par Liliane Crips (Universit\u00e9 Paris Diderot, ICT) et Nicole Gabriel (Universit\u00e9 Paris Diderot, ICT)<\/p>\n<p>Projet Observatoire interdisciplinaire des mobilit\u00e9s en soci\u00e9t\u00e9s plurielles<\/p>\n<pre><strong><a href=\"http:\/\/societesplurielles.fr\/wp-content\/uploads\/2016\/06\/colloque_manucoop_societes_plurielles.pdf\"><img loading=\"lazy\" decoding=\"async\" class=\"alignleft size-full wp-image-366\" src=\"http:\/\/societesplurielles.fr\/wp-content\/uploads\/2016\/05\/pdf-icon-e1466586473744.png\" alt=\"pdf-icone\" width=\"48\" height=\"48\" \/><\/a><\/strong><a href=\"http:\/\/societesplurielles.fr\/wp-content\/uploads\/2016\/06\/JE_Roms_27.08.2015.pdf\"><strong>\r\nConsultez le programme<\/strong><\/a><\/pre>\n","protected":false},"excerpt":{"rendered":"<p>Roms migrants : politiques, ressources et pratiques d\u2019insertion en Seine-Saint-Denis Journ\u00e9e d&rsquo;\u00e9tudes organis\u00e9e par Liliane Crips (Universit\u00e9 Paris Diderot, ICT) et Nicole Gabriel (Universit\u00e9 Paris Diderot, ICT) Projet Observatoire interdisciplinaire des mobilit\u00e9s en soci\u00e9t\u00e9s plurielles Consultez le programme<\/p>\n","protected":false},"author":1,"featured_media":0,"comment_status":"closed","ping_status":"closed","sticky":false,"template":"","format":"standard","meta":{"_fr_post_content":"<strong>Roms migrants : politiques, ressources et pratiques d\u2019insertion en Seine-Saint-Denis<\/strong>\r\n\r\nJourn\u00e9e d'\u00e9tudes organis\u00e9e par Liliane Crips (Universit\u00e9 Paris Diderot, ICT) et Nicole Gabriel (Universit\u00e9 Paris Diderot, ICT)\r\n\r\nProjet Observatoire interdisciplinaire des mobilit\u00e9s en soci\u00e9t\u00e9s plurielles\r\n<pre><strong><a href=\"http:\/\/societesplurielles.fr\/wp-content\/uploads\/2016\/06\/colloque_manucoop_societes_plurielles.pdf\"><img class=\"alignleft size-full wp-image-366\" src=\"http:\/\/societesplurielles.fr\/wp-content\/uploads\/2016\/05\/pdf-icon-e1466586473744.png\" alt=\"pdf-icone\" width=\"48\" height=\"48\" \/><\/a><\/strong><a href=\"http:\/\/societesplurielles.fr\/wp-content\/uploads\/2016\/06\/JE_Roms_27.08.2015.pdf\"><strong>\r\nConsultez le programme<\/strong><\/a><\/pre>","_fr_post_name":"roms-migrants","_fr_post_excerpt":"","_fr_post_title":"Roms migrants","_en_post_content":"","_en_post_name":"","_en_post_excerpt":"","_en_post_title":"","edit_language":"fr","footnotes":""},"categories":[6],"tags":[],"class_list":["post-595","post","type-post","status-publish","format-standard","hentry","category-archives"],"_links":{"self":[{"href":"https:\/\/societesplurielles.fr\/fr\/wp-json\/wp\/v2\/posts\/595","targetHints":{"allow":["GET"]}}],"collection":[{"href":"https:\/\/societesplurielles.fr\/fr\/wp-json\/wp\/v2\/posts"}],"about":[{"href":"https:\/\/societesplurielles.fr\/fr\/wp-json\/wp\/v2\/types\/post"}],"author":[{"embeddable":true,"href":"https:\/\/societesplurielles.fr\/fr\/wp-json\/wp\/v2\/users\/1"}],"replies":[{"embeddable":true,"href":"https:\/\/societesplurielles.fr\/fr\/wp-json\/wp\/v2\/comments?post=595"}],"version-history":[{"count":3,"href":"https:\/\/societesplurielles.fr\/fr\/wp-json\/wp\/v2\/posts\/595\/revisions"}],"predecessor-version":[{"id":923,"href":"https:\/\/societesplurielles.fr\/fr\/wp-json\/wp\/v2\/posts\/595\/revisions\/923"}],"wp:attachment":[{"href":"https:\/\/societesplurielles.fr\/fr\/wp-json\/wp\/v2\/media?parent=595"}],"wp:term":[{"taxonomy":"category","embeddable":true,"href":"https:\/\/societesplurielles.fr\/fr\/wp-json\/wp\/v2\/categories?post=595"},{"taxonomy":"post_tag","embeddable":true,"href":"https:\/\/societesplurielles.fr\/fr\/wp-json\/wp\/v2\/tags?post=595"}],"curies":[{"name":"wp","href":"https:\/\/api.w.org\/{rel}","templated":true}]}}