{"id":610,"date":"2015-09-15T17:16:59","date_gmt":"2015-09-15T15:16:59","guid":{"rendered":"http:\/\/localhost\/www\/SP-dev\/?p=610"},"modified":"2016-06-22T18:10:24","modified_gmt":"2016-06-22T16:10:24","slug":"cosmopolitisme-et-societes-plurielles","status":"publish","type":"post","link":"https:\/\/societesplurielles.fr\/fr\/cosmopolitisme-et-societes-plurielles\/","title":{"rendered":"Cosmopolitisme et soci\u00e9t\u00e9s plurielles"},"content":{"rendered":"<p>Colloque organis\u00e9 par Vincenzo Cicchelli (Universit\u00e9 Paris Descartes, GEMASS) dans le cadre du projet \u00ab Cosmopolitisme et soci\u00e9t\u00e9s plurielles \u00bb<\/p>\n<pre><strong><a href=\"http:\/\/societesplurielles.fr\/wp-content\/uploads\/2016\/06\/colloque_manucoop_societes_plurielles.pdf\"><img loading=\"lazy\" decoding=\"async\" class=\"alignleft size-full wp-image-366\" src=\"http:\/\/societesplurielles.fr\/wp-content\/uploads\/2016\/05\/pdf-icon-e1466586473744.png\" alt=\"pdf-icone\" width=\"48\" height=\"48\" \/><\/a><\/strong><a href=\"http:\/\/societesplurielles.fr\/wp-content\/uploads\/2016\/06\/affiche_et_programme_cosmopolitisme.pdf\"><strong>\r\nConsultez le programme<\/strong><\/a><\/pre>\n","protected":false},"excerpt":{"rendered":"<p>Colloque organis\u00e9 par Vincenzo Cicchelli (Universit\u00e9 Paris Descartes, GEMASS) dans le cadre du projet \u00ab Cosmopolitisme et soci\u00e9t\u00e9s plurielles \u00bb Consultez le programme<\/p>\n","protected":false},"author":1,"featured_media":0,"comment_status":"closed","ping_status":"closed","sticky":false,"template":"","format":"standard","meta":{"_fr_post_content":"Colloque organis\u00e9 par Vincenzo Cicchelli (Universit\u00e9 Paris Descartes, GEMASS) dans le cadre du projet \u00ab Cosmopolitisme et soci\u00e9t\u00e9s plurielles \u00bb\r\n<pre><strong><a href=\"http:\/\/societesplurielles.fr\/wp-content\/uploads\/2016\/06\/colloque_manucoop_societes_plurielles.pdf\"><img class=\"alignleft size-full wp-image-366\" src=\"http:\/\/societesplurielles.fr\/wp-content\/uploads\/2016\/05\/pdf-icon-e1466586473744.png\" alt=\"pdf-icone\" width=\"48\" height=\"48\" \/><\/a><\/strong><a href=\"http:\/\/societesplurielles.fr\/wp-content\/uploads\/2016\/06\/affiche_et_programme_cosmopolitisme.pdf\"><strong>\r\nConsultez le programme<\/strong><\/a><\/pre>","_fr_post_name":"cosmopolitisme-et-societes-plurielles","_fr_post_excerpt":"","_fr_post_title":"Cosmopolitisme et soci\u00e9t\u00e9s plurielles","_en_post_content":"","_en_post_name":"","_en_post_excerpt":"","_en_post_title":"","edit_language":"fr","footnotes":""},"categories":[6],"tags":[],"class_list":["post-610","post","type-post","status-publish","format-standard","hentry","category-archives"],"_links":{"self":[{"href":"https:\/\/societesplurielles.fr\/fr\/wp-json\/wp\/v2\/posts\/610","targetHints":{"allow":["GET"]}}],"collection":[{"href":"https:\/\/societesplurielles.fr\/fr\/wp-json\/wp\/v2\/posts"}],"about":[{"href":"https:\/\/societesplurielles.fr\/fr\/wp-json\/wp\/v2\/types\/post"}],"author":[{"embeddable":true,"href":"https:\/\/societesplurielles.fr\/fr\/wp-json\/wp\/v2\/users\/1"}],"replies":[{"embeddable":true,"href":"https:\/\/societesplurielles.fr\/fr\/wp-json\/wp\/v2\/comments?post=610"}],"version-history":[{"count":3,"href":"https:\/\/societesplurielles.fr\/fr\/wp-json\/wp\/v2\/posts\/610\/revisions"}],"predecessor-version":[{"id":908,"href":"https:\/\/societesplurielles.fr\/fr\/wp-json\/wp\/v2\/posts\/610\/revisions\/908"}],"wp:attachment":[{"href":"https:\/\/societesplurielles.fr\/fr\/wp-json\/wp\/v2\/media?parent=610"}],"wp:term":[{"taxonomy":"category","embeddable":true,"href":"https:\/\/societesplurielles.fr\/fr\/wp-json\/wp\/v2\/categories?post=610"},{"taxonomy":"post_tag","embeddable":true,"href":"https:\/\/societesplurielles.fr\/fr\/wp-json\/wp\/v2\/tags?post=610"}],"curies":[{"name":"wp","href":"https:\/\/api.w.org\/{rel}","templated":true}]}}