{"id":613,"date":"2015-09-09T17:24:11","date_gmt":"2015-09-09T15:24:11","guid":{"rendered":"http:\/\/localhost\/www\/SP-dev\/?p=613"},"modified":"2016-06-22T18:09:55","modified_gmt":"2016-06-22T16:09:55","slug":"agir-cooperatif-egalite-pouvoir","status":"publish","type":"post","link":"https:\/\/societesplurielles.fr\/fr\/agir-cooperatif-egalite-pouvoir\/","title":{"rendered":"Agir coop\u00e9ratif, \u00e9galit\u00e9, pouvoir"},"content":{"rendered":"<p><strong>Agir coop\u00e9ratif, \u00e9galit\u00e9, pouvoir : regards crois\u00e9s entre recherche et action sur \u00ab ce \u00bb qui permet la coop\u00e9ration<\/strong><\/p>\n<p>Colloque Manucoop \u2013 Soci\u00e9t\u00e9s plurielles organis\u00e9 par les chercheurs du laboratoire Ladyss et de la Manufacture coop\u00e9rative : Justine Ballon, Catherine Bodet, Jean Luc Chautagnat, No\u00e9mie de Grenier, Pascal Grouiez, Petia Koleva, Thomas Lamarche, Elsa Manghi, Yorgos Rizopoulos.<\/p>\n<pre><strong><a href=\"http:\/\/societesplurielles.fr\/wp-content\/uploads\/2016\/06\/colloque_manucoop_societes_plurielles.pdf\"><img loading=\"lazy\" decoding=\"async\" class=\"alignleft size-full wp-image-366\" src=\"http:\/\/societesplurielles.fr\/wp-content\/uploads\/2016\/05\/pdf-icon-e1466586473744.png\" alt=\"pdf-icone\" width=\"48\" height=\"48\" \/>\r\nConsultez le programme<\/a><\/strong><\/pre>\n","protected":false},"excerpt":{"rendered":"<p>Agir coop\u00e9ratif, \u00e9galit\u00e9, pouvoir : regards crois\u00e9s entre recherche et action sur \u00ab ce \u00bb qui permet la coop\u00e9ration Colloque Manucoop \u2013 Soci\u00e9t\u00e9s plurielles organis\u00e9 par les chercheurs du laboratoire Ladyss et de la Manufacture coop\u00e9rative : Justine Ballon, Catherine Bodet, Jean Luc Chautagnat, No\u00e9mie de Grenier, Pascal Grouiez, Petia Koleva, Thomas Lamarche, Elsa Manghi, [&hellip;]<\/p>\n","protected":false},"author":1,"featured_media":0,"comment_status":"closed","ping_status":"closed","sticky":false,"template":"","format":"standard","meta":{"_fr_post_content":"<strong>Agir coop\u00e9ratif, \u00e9galit\u00e9, pouvoir : regards crois\u00e9s entre recherche et action sur \u00ab ce \u00bb qui permet la coop\u00e9ration<\/strong>\r\n\r\nColloque Manucoop \u2013 Soci\u00e9t\u00e9s plurielles organis\u00e9 par les chercheurs du laboratoire Ladyss et de la Manufacture coop\u00e9rative : Justine Ballon, Catherine Bodet, Jean Luc Chautagnat, No\u00e9mie de Grenier, Pascal Grouiez, Petia Koleva, Thomas Lamarche, Elsa Manghi, Yorgos Rizopoulos.\r\n<pre><strong><a href=\"http:\/\/societesplurielles.fr\/wp-content\/uploads\/2016\/06\/colloque_manucoop_societes_plurielles.pdf\"><img class=\"alignleft size-full wp-image-366\" src=\"http:\/\/societesplurielles.fr\/wp-content\/uploads\/2016\/05\/pdf-icon-e1466586473744.png\" alt=\"pdf-icone\" width=\"48\" height=\"48\" \/>\r\nConsultez le programme<\/a><\/strong><\/pre>","_fr_post_name":"agir-cooperatif-egalite-pouvoir","_fr_post_excerpt":"","_fr_post_title":"Agir coop\u00e9ratif, \u00e9galit\u00e9, pouvoir","_en_post_content":"","_en_post_name":"","_en_post_excerpt":"","_en_post_title":"","edit_language":"fr","footnotes":""},"categories":[6],"tags":[],"class_list":["post-613","post","type-post","status-publish","format-standard","hentry","category-archives"],"_links":{"self":[{"href":"https:\/\/societesplurielles.fr\/fr\/wp-json\/wp\/v2\/posts\/613","targetHints":{"allow":["GET"]}}],"collection":[{"href":"https:\/\/societesplurielles.fr\/fr\/wp-json\/wp\/v2\/posts"}],"about":[{"href":"https:\/\/societesplurielles.fr\/fr\/wp-json\/wp\/v2\/types\/post"}],"author":[{"embeddable":true,"href":"https:\/\/societesplurielles.fr\/fr\/wp-json\/wp\/v2\/users\/1"}],"replies":[{"embeddable":true,"href":"https:\/\/societesplurielles.fr\/fr\/wp-json\/wp\/v2\/comments?post=613"}],"version-history":[{"count":2,"href":"https:\/\/societesplurielles.fr\/fr\/wp-json\/wp\/v2\/posts\/613\/revisions"}],"predecessor-version":[{"id":905,"href":"https:\/\/societesplurielles.fr\/fr\/wp-json\/wp\/v2\/posts\/613\/revisions\/905"}],"wp:attachment":[{"href":"https:\/\/societesplurielles.fr\/fr\/wp-json\/wp\/v2\/media?parent=613"}],"wp:term":[{"taxonomy":"category","embeddable":true,"href":"https:\/\/societesplurielles.fr\/fr\/wp-json\/wp\/v2\/categories?post=613"},{"taxonomy":"post_tag","embeddable":true,"href":"https:\/\/societesplurielles.fr\/fr\/wp-json\/wp\/v2\/tags?post=613"}],"curies":[{"name":"wp","href":"https:\/\/api.w.org\/{rel}","templated":true}]}}