{"id":616,"date":"2015-09-25T17:32:50","date_gmt":"2015-09-25T15:32:50","guid":{"rendered":"http:\/\/localhost\/www\/SP-dev\/?p=616"},"modified":"2016-06-10T17:39:38","modified_gmt":"2016-06-10T15:39:38","slug":"religions-et-action-sociale-au-vietnam","status":"publish","type":"post","link":"https:\/\/societesplurielles.fr\/fr\/religions-et-action-sociale-au-vietnam\/","title":{"rendered":"Religions et action sociale au Vietnam"},"content":{"rendered":"<p><strong>Religions et action sociale au Vietnam \u2013 \u00c9tude de cas : les catholiques \u00e0 Ho Chi Minh Ville<\/strong><\/p>\n<p>Par Claire Tran Thi Li\u00ean (CESSMA-Paris Diderot), dans le cadre du s\u00e9minaire <em>Pluralisme religieux et gestion publique du religieux : les soci\u00e9t\u00e9s d\u2019Asie face au d\u00e9fi de la globalisation<\/em><\/p>\n<p>Universit\u00e9 Paris Diderot, Salle 864, 8e \u00e9tage, B\u00e2timent Olympe de Gouges<\/p>\n","protected":false},"excerpt":{"rendered":"<p>Religions et action sociale au Vietnam \u2013 \u00c9tude de cas : les catholiques \u00e0 Ho Chi Minh Ville Par Claire Tran Thi Li\u00ean (CESSMA-Paris Diderot), dans le cadre du s\u00e9minaire Pluralisme religieux et gestion publique du religieux : les soci\u00e9t\u00e9s d\u2019Asie face au d\u00e9fi de la globalisation Universit\u00e9 Paris Diderot, Salle 864, 8e \u00e9tage, B\u00e2timent [&hellip;]<\/p>\n","protected":false},"author":1,"featured_media":0,"comment_status":"closed","ping_status":"closed","sticky":false,"template":"","format":"standard","meta":{"_fr_post_content":"<strong>Religions et action sociale au Vietnam \u2013 \u00c9tude de cas : les catholiques \u00e0 Ho Chi Minh Ville<\/strong>\r\n\r\nPar Claire Tran Thi Li\u00ean (CESSMA-Paris Diderot), dans le cadre du s\u00e9minaire <em>Pluralisme religieux et gestion publique du religieux : les soci\u00e9t\u00e9s d\u2019Asie face au d\u00e9fi de la globalisation<\/em>\r\n\r\nUniversit\u00e9 Paris Diderot, Salle 864, 8e \u00e9tage, B\u00e2timent Olympe de Gouges","_fr_post_name":"religions-et-action-sociale-au-vietnam","_fr_post_excerpt":"","_fr_post_title":"Religions et action sociale au Vietnam","_en_post_content":"","_en_post_name":"","_en_post_excerpt":"","_en_post_title":"","edit_language":"fr","footnotes":""},"categories":[6],"tags":[],"class_list":["post-616","post","type-post","status-publish","format-standard","hentry","category-archives"],"_links":{"self":[{"href":"https:\/\/societesplurielles.fr\/fr\/wp-json\/wp\/v2\/posts\/616","targetHints":{"allow":["GET"]}}],"collection":[{"href":"https:\/\/societesplurielles.fr\/fr\/wp-json\/wp\/v2\/posts"}],"about":[{"href":"https:\/\/societesplurielles.fr\/fr\/wp-json\/wp\/v2\/types\/post"}],"author":[{"embeddable":true,"href":"https:\/\/societesplurielles.fr\/fr\/wp-json\/wp\/v2\/users\/1"}],"replies":[{"embeddable":true,"href":"https:\/\/societesplurielles.fr\/fr\/wp-json\/wp\/v2\/comments?post=616"}],"version-history":[{"count":1,"href":"https:\/\/societesplurielles.fr\/fr\/wp-json\/wp\/v2\/posts\/616\/revisions"}],"predecessor-version":[{"id":617,"href":"https:\/\/societesplurielles.fr\/fr\/wp-json\/wp\/v2\/posts\/616\/revisions\/617"}],"wp:attachment":[{"href":"https:\/\/societesplurielles.fr\/fr\/wp-json\/wp\/v2\/media?parent=616"}],"wp:term":[{"taxonomy":"category","embeddable":true,"href":"https:\/\/societesplurielles.fr\/fr\/wp-json\/wp\/v2\/categories?post=616"},{"taxonomy":"post_tag","embeddable":true,"href":"https:\/\/societesplurielles.fr\/fr\/wp-json\/wp\/v2\/tags?post=616"}],"curies":[{"name":"wp","href":"https:\/\/api.w.org\/{rel}","templated":true}]}}