{"id":621,"date":"2015-10-06T17:42:18","date_gmt":"2015-10-06T15:42:18","guid":{"rendered":"http:\/\/localhost\/www\/SP-dev\/?p=621"},"modified":"2016-06-22T18:13:32","modified_gmt":"2016-06-22T16:13:32","slug":"regards-sur-lespace-euro-mediterraneen","status":"publish","type":"post","link":"https:\/\/societesplurielles.fr\/fr\/regards-sur-lespace-euro-mediterraneen\/","title":{"rendered":"Regards sur l\u2019espace euro-m\u00e9diterran\u00e9en"},"content":{"rendered":"<p><strong>Soci\u00e9t\u00e9s plurielles contemporaines : crises et transferts culturels. Regards sur l\u2019espace euro-m\u00e9diterran\u00e9en<\/strong><\/p>\n<p>Colloque international organis\u00e9 par Judit Ma\u00e0r du Centre Interuniversitaire d\u2019\u00e9tudes hongroises et finlandaises (CIEH-CIEFi) de la Sorbonne Nouvelle \u2013 Paris 3, Programme Transferts culturels<\/p>\n<pre><strong><a href=\"http:\/\/societesplurielles.fr\/wp-content\/uploads\/2016\/06\/colloque_manucoop_societes_plurielles.pdf\"><img loading=\"lazy\" decoding=\"async\" class=\"alignleft size-full wp-image-366\" src=\"http:\/\/societesplurielles.fr\/wp-content\/uploads\/2016\/05\/pdf-icon-e1466586473744.png\" alt=\"pdf-icone\" width=\"48\" height=\"48\" \/><\/a><\/strong><a href=\"http:\/\/societesplurielles.fr\/wp-content\/uploads\/2016\/06\/Programme-Transferts-culturels.pdf\"><strong>\r\nConsultez le programme<\/strong><\/a><\/pre>\n","protected":false},"excerpt":{"rendered":"<p>Soci\u00e9t\u00e9s plurielles contemporaines : crises et transferts culturels. Regards sur l\u2019espace euro-m\u00e9diterran\u00e9en Colloque international organis\u00e9 par Judit Ma\u00e0r du Centre Interuniversitaire d\u2019\u00e9tudes hongroises et finlandaises (CIEH-CIEFi) de la Sorbonne Nouvelle \u2013 Paris 3, Programme Transferts culturels Consultez le programme<\/p>\n","protected":false},"author":1,"featured_media":0,"comment_status":"closed","ping_status":"closed","sticky":false,"template":"","format":"standard","meta":{"_fr_post_content":"<strong>Soci\u00e9t\u00e9s plurielles contemporaines : crises et transferts culturels. Regards sur l\u2019espace euro-m\u00e9diterran\u00e9en<\/strong>\r\n\r\nColloque international organis\u00e9 par Judit Ma\u00e0r du Centre Interuniversitaire d\u2019\u00e9tudes hongroises et finlandaises (CIEH-CIEFi) de la Sorbonne Nouvelle \u2013 Paris 3, Programme Transferts culturels\r\n<pre><strong><a href=\"http:\/\/societesplurielles.fr\/wp-content\/uploads\/2016\/06\/colloque_manucoop_societes_plurielles.pdf\"><img class=\"alignleft size-full wp-image-366\" src=\"http:\/\/societesplurielles.fr\/wp-content\/uploads\/2016\/05\/pdf-icon-e1466586473744.png\" alt=\"pdf-icone\" width=\"48\" height=\"48\" \/><\/a><\/strong><a href=\"http:\/\/societesplurielles.fr\/wp-content\/uploads\/2016\/06\/Programme-Transferts-culturels.pdf\"><strong>\r\nConsultez le programme<\/strong><\/a><\/pre>","_fr_post_name":"regards-sur-lespace-euro-mediterraneen","_fr_post_excerpt":"","_fr_post_title":"Regards sur l\u2019espace euro-m\u00e9diterran\u00e9en","_en_post_content":"","_en_post_name":"","_en_post_excerpt":"","_en_post_title":"","edit_language":"fr","footnotes":""},"categories":[6],"tags":[],"class_list":["post-621","post","type-post","status-publish","format-standard","hentry","category-archives"],"_links":{"self":[{"href":"https:\/\/societesplurielles.fr\/fr\/wp-json\/wp\/v2\/posts\/621","targetHints":{"allow":["GET"]}}],"collection":[{"href":"https:\/\/societesplurielles.fr\/fr\/wp-json\/wp\/v2\/posts"}],"about":[{"href":"https:\/\/societesplurielles.fr\/fr\/wp-json\/wp\/v2\/types\/post"}],"author":[{"embeddable":true,"href":"https:\/\/societesplurielles.fr\/fr\/wp-json\/wp\/v2\/users\/1"}],"replies":[{"embeddable":true,"href":"https:\/\/societesplurielles.fr\/fr\/wp-json\/wp\/v2\/comments?post=621"}],"version-history":[{"count":2,"href":"https:\/\/societesplurielles.fr\/fr\/wp-json\/wp\/v2\/posts\/621\/revisions"}],"predecessor-version":[{"id":920,"href":"https:\/\/societesplurielles.fr\/fr\/wp-json\/wp\/v2\/posts\/621\/revisions\/920"}],"wp:attachment":[{"href":"https:\/\/societesplurielles.fr\/fr\/wp-json\/wp\/v2\/media?parent=621"}],"wp:term":[{"taxonomy":"category","embeddable":true,"href":"https:\/\/societesplurielles.fr\/fr\/wp-json\/wp\/v2\/categories?post=621"},{"taxonomy":"post_tag","embeddable":true,"href":"https:\/\/societesplurielles.fr\/fr\/wp-json\/wp\/v2\/tags?post=621"}],"curies":[{"name":"wp","href":"https:\/\/api.w.org\/{rel}","templated":true}]}}