{"id":641,"date":"2015-11-04T16:50:34","date_gmt":"2015-11-04T15:50:34","guid":{"rendered":"http:\/\/localhost\/www\/SP-dev\/?p=641"},"modified":"2016-06-22T18:13:01","modified_gmt":"2016-06-22T16:13:01","slug":"linterdisciplinarite-2-0","status":"publish","type":"post","link":"https:\/\/societesplurielles.fr\/fr\/linterdisciplinarite-2-0\/","title":{"rendered":"L\u2019interdisciplinarit\u00e9 2.0"},"content":{"rendered":"<p><strong>L\u2019interdisciplinarit\u00e9 2.0: des sciences plurielles aux nouveaux profils de chercheur<\/strong><\/p>\n<p>Par Fr\u00e9d\u00e9ric Darbellay (Universit\u00e9 de Gen\u00e8ve)<\/p>\n<p>S\u00e9minaire transversal de cl\u00f4ture de l\u2019ann\u00e9e 2014 \/ 2015<\/p>\n<p>\u00ab Au carrefour des disciplines, au d\u00e9tour des terrains : dialogue, \u00e9change et nouvelles convivialit\u00e9s \u00e9pist\u00e9mologiques \u00bb, avec Ingrid de Saint Georges (Universit\u00e9 de Luxembourg)<\/p>\n<p>\u00ab Quand les acteurs de terrain deviennent des chercheurs : des constats empiriques aux remont\u00e9es vers les champs disciplinaires, au pluriel \u00bb, avec Mariela de Ferrari (Co-alternatives et Universit\u00e9 Paris 3).<\/p>\n<pre><strong><a href=\"http:\/\/societesplurielles.fr\/wp-content\/uploads\/2016\/06\/colloque_manucoop_societes_plurielles.pdf\"><img loading=\"lazy\" decoding=\"async\" class=\"alignleft size-full wp-image-366\" src=\"http:\/\/societesplurielles.fr\/wp-content\/uploads\/2016\/05\/pdf-icon-e1466586473744.png\" alt=\"pdf-icone\" width=\"48\" height=\"48\" \/><\/a><\/strong><a href=\"http:\/\/societesplurielles.fr\/wp-content\/uploads\/2016\/06\/Les-apports-de-la-recherche-interdisciplinaire1.pdf\"><strong>\r\nConsultez le programme<\/strong><\/a><\/pre>\n","protected":false},"excerpt":{"rendered":"<p>L\u2019interdisciplinarit\u00e9 2.0: des sciences plurielles aux nouveaux profils de chercheur Par Fr\u00e9d\u00e9ric Darbellay (Universit\u00e9 de Gen\u00e8ve) S\u00e9minaire transversal de cl\u00f4ture de l\u2019ann\u00e9e 2014 \/ 2015 \u00ab Au carrefour des disciplines, au d\u00e9tour des terrains : dialogue, \u00e9change et nouvelles convivialit\u00e9s \u00e9pist\u00e9mologiques \u00bb, avec Ingrid de Saint Georges (Universit\u00e9 de Luxembourg) \u00ab Quand les acteurs de [&hellip;]<\/p>\n","protected":false},"author":1,"featured_media":0,"comment_status":"closed","ping_status":"closed","sticky":false,"template":"","format":"standard","meta":{"_fr_post_content":"<strong>L\u2019interdisciplinarit\u00e9 2.0: des sciences plurielles aux nouveaux profils de chercheur<\/strong>\r\n\r\nPar Fr\u00e9d\u00e9ric Darbellay (Universit\u00e9 de Gen\u00e8ve)\r\n\r\nS\u00e9minaire transversal de cl\u00f4ture de l\u2019ann\u00e9e 2014 \/ 2015\r\n\r\n\u00ab Au carrefour des disciplines, au d\u00e9tour des terrains : dialogue, \u00e9change et nouvelles convivialit\u00e9s \u00e9pist\u00e9mologiques \u00bb, avec Ingrid de Saint Georges (Universit\u00e9 de Luxembourg)\r\n\r\n\u00ab Quand les acteurs de terrain deviennent des chercheurs : des constats empiriques aux remont\u00e9es vers les champs disciplinaires, au pluriel \u00bb, avec Mariela de Ferrari (Co-alternatives et Universit\u00e9 Paris 3).\r\n<pre><strong><a href=\"http:\/\/societesplurielles.fr\/wp-content\/uploads\/2016\/06\/colloque_manucoop_societes_plurielles.pdf\"><img class=\"alignleft size-full wp-image-366\" src=\"http:\/\/societesplurielles.fr\/wp-content\/uploads\/2016\/05\/pdf-icon-e1466586473744.png\" alt=\"pdf-icone\" width=\"48\" height=\"48\" \/><\/a><\/strong><a href=\"http:\/\/societesplurielles.fr\/wp-content\/uploads\/2016\/06\/Les-apports-de-la-recherche-interdisciplinaire1.pdf\"><strong>\r\nConsultez le programme<\/strong><\/a><\/pre>","_fr_post_name":"linterdisciplinarite-2-0","_fr_post_excerpt":"","_fr_post_title":"L\u2019interdisciplinarit\u00e9 2.0","_en_post_content":"","_en_post_name":"","_en_post_excerpt":"","_en_post_title":"","edit_language":"fr","footnotes":""},"categories":[6],"tags":[],"class_list":["post-641","post","type-post","status-publish","format-standard","hentry","category-archives"],"_links":{"self":[{"href":"https:\/\/societesplurielles.fr\/fr\/wp-json\/wp\/v2\/posts\/641","targetHints":{"allow":["GET"]}}],"collection":[{"href":"https:\/\/societesplurielles.fr\/fr\/wp-json\/wp\/v2\/posts"}],"about":[{"href":"https:\/\/societesplurielles.fr\/fr\/wp-json\/wp\/v2\/types\/post"}],"author":[{"embeddable":true,"href":"https:\/\/societesplurielles.fr\/fr\/wp-json\/wp\/v2\/users\/1"}],"replies":[{"embeddable":true,"href":"https:\/\/societesplurielles.fr\/fr\/wp-json\/wp\/v2\/comments?post=641"}],"version-history":[{"count":3,"href":"https:\/\/societesplurielles.fr\/fr\/wp-json\/wp\/v2\/posts\/641\/revisions"}],"predecessor-version":[{"id":916,"href":"https:\/\/societesplurielles.fr\/fr\/wp-json\/wp\/v2\/posts\/641\/revisions\/916"}],"wp:attachment":[{"href":"https:\/\/societesplurielles.fr\/fr\/wp-json\/wp\/v2\/media?parent=641"}],"wp:term":[{"taxonomy":"category","embeddable":true,"href":"https:\/\/societesplurielles.fr\/fr\/wp-json\/wp\/v2\/categories?post=641"},{"taxonomy":"post_tag","embeddable":true,"href":"https:\/\/societesplurielles.fr\/fr\/wp-json\/wp\/v2\/tags?post=641"}],"curies":[{"name":"wp","href":"https:\/\/api.w.org\/{rel}","templated":true}]}}