{"id":662,"date":"2016-02-10T15:57:00","date_gmt":"2016-02-10T14:57:00","guid":{"rendered":"http:\/\/localhost\/www\/SP-dev\/?p=662"},"modified":"2016-06-22T17:58:33","modified_gmt":"2016-06-22T15:58:33","slug":"espaces-urbains-immigres-et-fabrication-des-villes-mondes-paris-et-berlin","status":"publish","type":"post","link":"https:\/\/societesplurielles.fr\/fr\/espaces-urbains-immigres-et-fabrication-des-villes-mondes-paris-et-berlin\/","title":{"rendered":"Espaces urbains immigr\u00e9s et fabrication des villes-mondes Paris et Berlin"},"content":{"rendered":"<p><strong>Espaces urbains immigr\u00e9s et fabrication des villes-mondes Paris et Berlin, La figure du consommateur immigr\u00e9 en Europe : regards franco-allemands 2015-2017<\/strong><\/p>\n<p>Formation du CIERA organis\u00e9e par le CEPN \/ Centre Marc Bloch, Universit\u00e9 de Leipzig, le programme Soci\u00e9t\u00e9s plurielles de l\u2019USPC, la revue <em>Hommes et Migrations<\/em><\/p>\n<p>\u00c0 la Maison des Sciences de l\u2019Homme Paris-Nord (Saint-Denis)<\/p>\n<pre><strong><img loading=\"lazy\" decoding=\"async\" class=\"alignleft size-full wp-image-366\" src=\"http:\/\/societesplurielles.fr\/wp-content\/uploads\/2016\/05\/pdf-icon-e1466586473744.png\" alt=\"pdf-icone\" width=\"48\" height=\"48\" \/><\/strong><\/a>\r\n<a href=\"_wp_link_placeholder\"><strong>Consultez le programme<\/strong><\/pre>\n","protected":false},"excerpt":{"rendered":"<p>Espaces urbains immigr\u00e9s et fabrication des villes-mondes Paris et Berlin, La figure du consommateur immigr\u00e9 en Europe : regards franco-allemands 2015-2017 Formation du CIERA organis\u00e9e par le CEPN \/ Centre Marc Bloch, Universit\u00e9 de Leipzig, le programme Soci\u00e9t\u00e9s plurielles de l\u2019USPC, la revue Hommes et Migrations \u00c0 la Maison des Sciences de l\u2019Homme Paris-Nord (Saint-Denis) [&hellip;]<\/p>\n","protected":false},"author":1,"featured_media":0,"comment_status":"closed","ping_status":"closed","sticky":false,"template":"","format":"standard","meta":{"_fr_post_content":"<strong>Espaces urbains immigr\u00e9s et fabrication des villes-mondes Paris et Berlin, La figure du consommateur immigr\u00e9 en Europe : regards franco-allemands 2015-2017<\/strong>\r\n\r\nFormation du CIERA organis\u00e9e par le CEPN \/ Centre Marc Bloch, Universit\u00e9 de Leipzig, le programme Soci\u00e9t\u00e9s plurielles de l\u2019USPC, la revue <em>Hommes et Migrations<\/em>\r\n\r\n\u00c0 la Maison des Sciences de l\u2019Homme Paris-Nord (Saint-Denis)\r\n<pre><strong><img class=\"alignleft size-full wp-image-366\" src=\"http:\/\/societesplurielles.fr\/wp-content\/uploads\/2016\/05\/pdf-icon-e1466586473744.png\" alt=\"pdf-icone\" width=\"48\" height=\"48\" \/><\/strong><\/a>\r\n<a href=\"_wp_link_placeholder\"><strong>Consultez le programme<\/strong><\/pre>","_fr_post_name":"espaces-urbains-immigres-et-fabrication-des-villes-mondes-paris-et-berlin","_fr_post_excerpt":"","_fr_post_title":"Espaces urbains immigr\u00e9s et fabrication des villes-mondes Paris et Berlin","_en_post_content":"","_en_post_name":"","_en_post_excerpt":"","_en_post_title":"","edit_language":"fr","footnotes":""},"categories":[6],"tags":[],"class_list":["post-662","post","type-post","status-publish","format-standard","hentry","category-archives"],"_links":{"self":[{"href":"https:\/\/societesplurielles.fr\/fr\/wp-json\/wp\/v2\/posts\/662","targetHints":{"allow":["GET"]}}],"collection":[{"href":"https:\/\/societesplurielles.fr\/fr\/wp-json\/wp\/v2\/posts"}],"about":[{"href":"https:\/\/societesplurielles.fr\/fr\/wp-json\/wp\/v2\/types\/post"}],"author":[{"embeddable":true,"href":"https:\/\/societesplurielles.fr\/fr\/wp-json\/wp\/v2\/users\/1"}],"replies":[{"embeddable":true,"href":"https:\/\/societesplurielles.fr\/fr\/wp-json\/wp\/v2\/comments?post=662"}],"version-history":[{"count":4,"href":"https:\/\/societesplurielles.fr\/fr\/wp-json\/wp\/v2\/posts\/662\/revisions"}],"predecessor-version":[{"id":900,"href":"https:\/\/societesplurielles.fr\/fr\/wp-json\/wp\/v2\/posts\/662\/revisions\/900"}],"wp:attachment":[{"href":"https:\/\/societesplurielles.fr\/fr\/wp-json\/wp\/v2\/media?parent=662"}],"wp:term":[{"taxonomy":"category","embeddable":true,"href":"https:\/\/societesplurielles.fr\/fr\/wp-json\/wp\/v2\/categories?post=662"},{"taxonomy":"post_tag","embeddable":true,"href":"https:\/\/societesplurielles.fr\/fr\/wp-json\/wp\/v2\/tags?post=662"}],"curies":[{"name":"wp","href":"https:\/\/api.w.org\/{rel}","templated":true}]}}