{"id":861,"date":"2016-06-17T15:38:05","date_gmt":"2016-06-17T13:38:05","guid":{"rendered":"http:\/\/sp.e-morin.com\/?p=861"},"modified":"2016-09-23T12:35:05","modified_gmt":"2016-09-23T10:35:05","slug":"associer-recherche-et-action-travail-autonome","status":"publish","type":"post","link":"https:\/\/societesplurielles.fr\/fr\/associer-recherche-et-action-travail-autonome\/","title":{"rendered":"Associer Recherche et Action"},"content":{"rendered":"<p><strong><span style=\"text-decoration: underline;\">Atelier<\/span> : Associer Recherche et Action \u00e0 propos des nouvelles formes de travail autonome<\/strong><\/p>\n<p><img loading=\"lazy\" decoding=\"async\" class=\"aligncenter size-medium wp-image-887\" src=\"http:\/\/societesplurielles.fr\/wp-content\/uploads\/2016\/06\/Capture-d\u2019\u00e9cran-2016-06-22-\u00e0-11.16.23-274x300.png\" alt=\"Capture d\u2019\u00e9cran 2016-06-22 \u00e0 11.16.23\" width=\"274\" height=\"300\" srcset=\"https:\/\/societesplurielles.fr\/wp-content\/uploads\/2016\/06\/Capture-d\u2019\u00e9cran-2016-06-22-\u00e0-11.16.23-274x300.png 274w, https:\/\/societesplurielles.fr\/wp-content\/uploads\/2016\/06\/Capture-d\u2019\u00e9cran-2016-06-22-\u00e0-11.16.23.png 275w\" sizes=\"auto, (max-width: 274px) 100vw, 274px\" \/><\/p>\n<p>Universit\u00e9 Paris Diderot,\u00a0Amphith\u00e9\u00e2tre Buffon,\u00a015 rue H\u00e9l\u00e8ne Brion,\u00a075013 Paris<\/p>\n<p>La Manufacture coop\u00e9rative anime, dans le cadre du programme Soci\u00e9t\u00e9s plurielles, un atelier lors de l\u2019Universit\u00e9 d\u2019\u00e9t\u00e9 \u00ab les nouvelles figures du social \u00bb de l\u2019USPC, le vendredi 8 juillet, de 14h30 \u00e0 17h.<\/p>\n<p>Que vous soyez chercheur, chercheuse, coop\u00e9rateur, coop\u00e9ratrice, ou hors de ce cadre, mais int\u00e9ress\u00e9-es par le th\u00e8me, Manucoop vous convie \u00e0 un atelier sur les enjeux de l\u2019\u00e9mancipation dans les situations de travail fragment\u00e9, d\u2019intermittence, de carri\u00e8res discontinues. Nous faisons tous et toutes le constat de la fragmentation du rapport salarial, de la pr\u00e9carisation des parcours et de la recherche de sens dans le travail.<\/p>\n<p>Comment partager nos connaissances, construire un langage commun, prendre du recul, produire de la connaissance sur et pour les initiatives de r\u00e9sistances \u00e0 la crise et de r\u00e9invention du travail ? L\u2019atelier est pr\u00e9vu pour \u00e9changer sur ces questions, et construire collectivement des pistes d\u2019action sur l\u2019activit\u00e9 de travail et sur le travail autonome.<\/p>\n<p>A partir notamment de la situation des coop\u00e9ratives d\u2019activit\u00e9 et d\u2019emploi, espaces de travail dont l\u2019objet est de produire de la solidarit\u00e9 par le salariat entre travailleurs et travailleuses autonomes, mais aussi \u00e0 partir des exp\u00e9riences des participant-es, l\u2019objectif de l\u2019atelier est de capitaliser, de transmettre et de visibiliser les apports de la recherche-action sur la qu\u00eate d\u2019autonomie et de sens dans le travail, et la s\u00e9curisation des zones grises de l\u2019emploi.<\/p>\n<p>Une facilitation graphique des travaux sera r\u00e9alis\u00e9e en directe, et aboutira sur la production de la carte de nos \u00e9changes.<\/p>\n<p><a href=\"http:\/\/nouvellesfiguresdusocial.uspc.fr\/spip.php?article34\" target=\"_blank\">L\u2019inscription en ligne \u00e0 l\u2019Universit\u00e9 d\u2019\u00e9t\u00e9<\/a> est gratuite mais obligatoire.<\/p>\n<p>La localisation de l\u2019atelier sera pr\u00e9cis\u00e9e sur place.<\/p>\n<pre><a href=\"http:\/\/societesplurielles.fr\/wp-content\/uploads\/2016\/06\/Flyer-Les-nouvelles-figures-du-social-3.pdf\"><strong><img loading=\"lazy\" decoding=\"async\" class=\"alignleft wp-image-366\" src=\"http:\/\/societesplurielles.fr\/wp-content\/uploads\/2016\/05\/pdf-icon.png\" alt=\"pdf-icon\" width=\"48\" height=\"48\" \/>\r\n<\/strong><\/a><a href=\"http:\/\/societesplurielles.fr\/wp-content\/uploads\/2016\/06\/Flyer-Les-nouvelles-figures-du-social-3.pdf\" target=\"_blank\"><strong>Consultez le programme\r\n<\/strong><\/a><\/pre>\n","protected":false},"excerpt":{"rendered":"<p>Atelier : Associer Recherche et Action \u00e0 propos des nouvelles formes de travail autonome Universit\u00e9 Paris Diderot,\u00a0Amphith\u00e9\u00e2tre Buffon,\u00a015 rue H\u00e9l\u00e8ne Brion,\u00a075013 Paris La Manufacture coop\u00e9rative anime, dans le cadre du programme Soci\u00e9t\u00e9s plurielles, un atelier lors de l\u2019Universit\u00e9 d\u2019\u00e9t\u00e9 \u00ab les nouvelles figures du social \u00bb de l\u2019USPC, le vendredi 8 juillet, de 14h30 \u00e0 [&hellip;]<\/p>\n","protected":false},"author":2,"featured_media":0,"comment_status":"closed","ping_status":"closed","sticky":false,"template":"","format":"standard","meta":{"_fr_post_content":"<strong><span style=\"text-decoration: underline;\">Atelier<\/span> : Associer Recherche et Action \u00e0 propos des nouvelles formes de travail autonome<\/strong>\r\n\r\n<img class=\"aligncenter size-medium wp-image-887\" src=\"http:\/\/societesplurielles.fr\/wp-content\/uploads\/2016\/06\/Capture-d\u2019\u00e9cran-2016-06-22-\u00e0-11.16.23-274x300.png\" alt=\"Capture d\u2019\u00e9cran 2016-06-22 \u00e0 11.16.23\" width=\"274\" height=\"300\" \/>\r\n\r\nUniversit\u00e9 Paris Diderot,\u00a0Amphith\u00e9\u00e2tre Buffon,\u00a015 rue H\u00e9l\u00e8ne Brion,\u00a075013 Paris\r\n\r\nLa Manufacture coop\u00e9rative anime, dans le cadre du programme Soci\u00e9t\u00e9s plurielles, un atelier lors de l\u2019Universit\u00e9 d\u2019\u00e9t\u00e9 \u00ab les nouvelles figures du social \u00bb de l\u2019USPC, le vendredi 8 juillet, de 14h30 \u00e0 17h.\r\n\r\nQue vous soyez chercheur, chercheuse, coop\u00e9rateur, coop\u00e9ratrice, ou hors de ce cadre, mais int\u00e9ress\u00e9-es par le th\u00e8me, Manucoop vous convie \u00e0 un atelier sur les enjeux de l\u2019\u00e9mancipation dans les situations de travail fragment\u00e9, d\u2019intermittence, de carri\u00e8res discontinues. Nous faisons tous et toutes le constat de la fragmentation du rapport salarial, de la pr\u00e9carisation des parcours et de la recherche de sens dans le travail.\r\n\r\nComment partager nos connaissances, construire un langage commun, prendre du recul, produire de la connaissance sur et pour les initiatives de r\u00e9sistances \u00e0 la crise et de r\u00e9invention du travail ? L\u2019atelier est pr\u00e9vu pour \u00e9changer sur ces questions, et construire collectivement des pistes d\u2019action sur l\u2019activit\u00e9 de travail et sur le travail autonome.\r\n\r\nA partir notamment de la situation des coop\u00e9ratives d\u2019activit\u00e9 et d\u2019emploi, espaces de travail dont l\u2019objet est de produire de la solidarit\u00e9 par le salariat entre travailleurs et travailleuses autonomes, mais aussi \u00e0 partir des exp\u00e9riences des participant-es, l\u2019objectif de l\u2019atelier est de capitaliser, de transmettre et de visibiliser les apports de la recherche-action sur la qu\u00eate d\u2019autonomie et de sens dans le travail, et la s\u00e9curisation des zones grises de l\u2019emploi.\r\n\r\nUne facilitation graphique des travaux sera r\u00e9alis\u00e9e en directe, et aboutira sur la production de la carte de nos \u00e9changes.\r\n\r\n<a href=\"http:\/\/nouvellesfiguresdusocial.uspc.fr\/spip.php?article34\" target=\"_blank\">L\u2019inscription en ligne \u00e0 l\u2019Universit\u00e9 d\u2019\u00e9t\u00e9<\/a> est gratuite mais obligatoire.\r\n\r\nLa localisation de l\u2019atelier sera pr\u00e9cis\u00e9e sur place.\r\n<pre><a href=\"http:\/\/societesplurielles.fr\/wp-content\/uploads\/2016\/06\/Flyer-Les-nouvelles-figures-du-social-3.pdf\"><strong><img class=\"alignleft wp-image-366\" src=\"http:\/\/societesplurielles.fr\/wp-content\/uploads\/2016\/05\/pdf-icon.png\" alt=\"pdf-icon\" width=\"48\" height=\"48\" \/>\r\n<\/strong><\/a><a href=\"http:\/\/societesplurielles.fr\/wp-content\/uploads\/2016\/06\/Flyer-Les-nouvelles-figures-du-social-3.pdf\" target=\"_blank\"><strong>Consultez le programme\r\n<\/strong><\/a><\/pre>","_fr_post_name":"associer-recherche-et-action-travail-autonome","_fr_post_excerpt":"","_fr_post_title":"Associer Recherche et Action","_en_post_content":"","_en_post_name":"","_en_post_excerpt":"","_en_post_title":"","edit_language":"fr","footnotes":""},"categories":[6],"tags":[],"class_list":["post-861","post","type-post","status-publish","format-standard","hentry","category-archives"],"_links":{"self":[{"href":"https:\/\/societesplurielles.fr\/fr\/wp-json\/wp\/v2\/posts\/861","targetHints":{"allow":["GET"]}}],"collection":[{"href":"https:\/\/societesplurielles.fr\/fr\/wp-json\/wp\/v2\/posts"}],"about":[{"href":"https:\/\/societesplurielles.fr\/fr\/wp-json\/wp\/v2\/types\/post"}],"author":[{"embeddable":true,"href":"https:\/\/societesplurielles.fr\/fr\/wp-json\/wp\/v2\/users\/2"}],"replies":[{"embeddable":true,"href":"https:\/\/societesplurielles.fr\/fr\/wp-json\/wp\/v2\/comments?post=861"}],"version-history":[{"count":13,"href":"https:\/\/societesplurielles.fr\/fr\/wp-json\/wp\/v2\/posts\/861\/revisions"}],"predecessor-version":[{"id":940,"href":"https:\/\/societesplurielles.fr\/fr\/wp-json\/wp\/v2\/posts\/861\/revisions\/940"}],"wp:attachment":[{"href":"https:\/\/societesplurielles.fr\/fr\/wp-json\/wp\/v2\/media?parent=861"}],"wp:term":[{"taxonomy":"category","embeddable":true,"href":"https:\/\/societesplurielles.fr\/fr\/wp-json\/wp\/v2\/categories?post=861"},{"taxonomy":"post_tag","embeddable":true,"href":"https:\/\/societesplurielles.fr\/fr\/wp-json\/wp\/v2\/tags?post=861"}],"curies":[{"name":"wp","href":"https:\/\/api.w.org\/{rel}","templated":true}]}}