{"id":955,"date":"2016-11-03T12:18:24","date_gmt":"2016-11-03T11:18:24","guid":{"rendered":"http:\/\/societesplurielles.fr\/?p=955"},"modified":"2017-10-12T16:10:37","modified_gmt":"2017-10-12T14:10:37","slug":"urban-cosmopolitanisms","status":"publish","type":"post","link":"https:\/\/societesplurielles.fr\/fr\/urban-cosmopolitanisms\/","title":{"rendered":"Urban cosmopolitanisms"},"content":{"rendered":"<p><strong>Urban cosmopolitanisms : methodological and theoretical issues<\/strong><\/p>\n<p><strong>International workshop \/ Journ\u00e9e d&rsquo;\u00e9tudes dans le cadre du projet MAGMET<\/strong><\/p>\n<p>Le 17 octobre 2016 \u00e0 l&rsquo;INALCO, 65 rue des Grands Moulins, 75013 Paris<\/p>\n<p><img loading=\"lazy\" decoding=\"async\" class=\"alignleft size-medium wp-image-956\" src=\"http:\/\/societesplurielles.fr\/wp-content\/uploads\/2016\/09\/Capture-d\u2019\u00e9cran-2016-09-23-\u00e0-12.16.19-300x175.png\" alt=\"Capture d\u2019\u00e9cran 2016-09-23 \u00e0 12.16.19\" width=\"300\" height=\"175\" srcset=\"https:\/\/societesplurielles.fr\/wp-content\/uploads\/2016\/09\/Capture-d\u2019\u00e9cran-2016-09-23-\u00e0-12.16.19-300x175.png 300w, https:\/\/societesplurielles.fr\/wp-content\/uploads\/2016\/09\/Capture-d\u2019\u00e9cran-2016-09-23-\u00e0-12.16.19.png 438w\" sizes=\"auto, (max-width: 300px) 100vw, 300px\" \/><\/p>\n<div class=\"page\" title=\"Page 2\">\n<div class=\"layoutArea\">\n<div class=\"column\">\n<p>This one-day international workshop, part of the MAGMET seminar funded by Soci\u00e9t\u00e9s plurielles (Universit\u00e9 Sorbonne Paris Cit\u00e9), is convened by Catherine Lejeune (Paris Diderot), Delphine Pag\u00e8s-El Karoui (INALCO), Camille Schmoll (Paris Diderot\/IUF), H\u00e9l\u00e8ne Thiollet (CNRS\/Sciences Po).<\/p>\n<p>This worshop seeks to investigate cosmopolitanism through an urban lens. Cosmopolitanism as a notion arose from philosophical and sociological traditions, where it involves both normative concerns and pragmatic accounts of social interactions. Its political dimension enshrining rights and duties for cosmopolitan subjects is also crucial. This workshop aims to provide a situated approach to cosmopolitanism, using the analytical framework of urban and social theory alongside social geography and building upon empirical research. Our purpose is to frame a grounded theory of urban cosmopolitanism that would take the paradigms and empirical findings of various social sciences into account. Our interest lies in a cosmopolitanism of encounters incarnated in contacts, mobilities and cultural consumption and the spatial dimension of the social and power relations that are at stake in cosmopolitan encounters. We shall focus on cities as sites, but also actors in processes of cosmopolitanisation.<\/p>\n<pre><a href=\"http:\/\/societesplurielles.fr\/wp-content\/uploads\/2016\/09\/PROG-JE_MAGMET_17-OCT-2016.pdf\">Programme workshop Urban cosmopolitanisms<\/a><\/pre>\n<\/div>\n<\/div>\n<\/div>\n","protected":false},"excerpt":{"rendered":"<p>Urban cosmopolitanisms : methodological and theoretical issues International workshop \/ Journ\u00e9e d&rsquo;\u00e9tudes dans le cadre du projet MAGMET Le 17 octobre 2016 \u00e0 l&rsquo;INALCO, 65 rue des Grands Moulins, 75013 Paris This one-day international workshop, part of the MAGMET seminar funded by Soci\u00e9t\u00e9s plurielles (Universit\u00e9 Sorbonne Paris Cit\u00e9), is convened by Catherine Lejeune (Paris Diderot), [&hellip;]<\/p>\n","protected":false},"author":1,"featured_media":0,"comment_status":"closed","ping_status":"closed","sticky":false,"template":"","format":"standard","meta":{"_fr_post_content":"<strong>Urban cosmopolitanisms : methodological and theoretical issues<\/strong>\r\n\r\n<strong>International workshop \/ Journ\u00e9e d'\u00e9tudes dans le cadre du projet MAGMET<\/strong>\r\n\r\nLe 17 octobre 2016 \u00e0 l'INALCO, 65 rue des Grands Moulins, 75013 Paris\r\n\r\n<img class=\"alignleft size-medium wp-image-956\" src=\"http:\/\/societesplurielles.fr\/wp-content\/uploads\/2016\/09\/Capture-d\u2019\u00e9cran-2016-09-23-\u00e0-12.16.19-300x175.png\" alt=\"Capture d\u2019\u00e9cran 2016-09-23 \u00e0 12.16.19\" width=\"300\" height=\"175\" \/>\r\n<div class=\"page\" title=\"Page 2\">\r\n<div class=\"layoutArea\">\r\n<div class=\"column\">\r\n\r\nThis one-day international workshop, part of the MAGMET seminar funded by Soci\u00e9t\u00e9s plurielles (Universit\u00e9 Sorbonne Paris Cit\u00e9), is convened by Catherine Lejeune (Paris Diderot), Delphine Pag\u00e8s-El Karoui (INALCO), Camille Schmoll (Paris Diderot\/IUF), H\u00e9l\u00e8ne Thiollet (CNRS\/Sciences Po).\r\n\r\nThis worshop seeks to investigate cosmopolitanism through an urban lens. Cosmopolitanism as a notion arose from philosophical and sociological traditions, where it involves both normative concerns and pragmatic accounts of social interactions. Its political dimension enshrining rights and duties for cosmopolitan subjects is also crucial. This workshop aims to provide a situated approach to cosmopolitanism, using the analytical framework of urban and social theory alongside social geography and building upon empirical research. Our purpose is to frame a grounded theory of urban cosmopolitanism that would take the paradigms and empirical findings of various social sciences into account. Our interest lies in a cosmopolitanism of encounters incarnated in contacts, mobilities and cultural consumption and the spatial dimension of the social and power relations that are at stake in cosmopolitan encounters. We shall focus on cities as sites, but also actors in processes of cosmopolitanisation.\r\n<pre><a href=\"http:\/\/societesplurielles.fr\/wp-content\/uploads\/2016\/09\/PROG-JE_MAGMET_17-OCT-2016.pdf\">Programme workshop Urban cosmopolitanisms<\/a><\/pre>\r\n<\/div>\r\n<\/div>\r\n<\/div>","_fr_post_name":"urban-cosmopolitanisms","_fr_post_excerpt":"","_fr_post_title":"Urban cosmopolitanisms","_en_post_content":"","_en_post_name":"","_en_post_excerpt":"","_en_post_title":"","edit_language":"fr","footnotes":""},"categories":[6],"tags":[],"class_list":["post-955","post","type-post","status-publish","format-standard","hentry","category-archives"],"_links":{"self":[{"href":"https:\/\/societesplurielles.fr\/fr\/wp-json\/wp\/v2\/posts\/955","targetHints":{"allow":["GET"]}}],"collection":[{"href":"https:\/\/societesplurielles.fr\/fr\/wp-json\/wp\/v2\/posts"}],"about":[{"href":"https:\/\/societesplurielles.fr\/fr\/wp-json\/wp\/v2\/types\/post"}],"author":[{"embeddable":true,"href":"https:\/\/societesplurielles.fr\/fr\/wp-json\/wp\/v2\/users\/1"}],"replies":[{"embeddable":true,"href":"https:\/\/societesplurielles.fr\/fr\/wp-json\/wp\/v2\/comments?post=955"}],"version-history":[{"count":6,"href":"https:\/\/societesplurielles.fr\/fr\/wp-json\/wp\/v2\/posts\/955\/revisions"}],"predecessor-version":[{"id":1504,"href":"https:\/\/societesplurielles.fr\/fr\/wp-json\/wp\/v2\/posts\/955\/revisions\/1504"}],"wp:attachment":[{"href":"https:\/\/societesplurielles.fr\/fr\/wp-json\/wp\/v2\/media?parent=955"}],"wp:term":[{"taxonomy":"category","embeddable":true,"href":"https:\/\/societesplurielles.fr\/fr\/wp-json\/wp\/v2\/categories?post=955"},{"taxonomy":"post_tag","embeddable":true,"href":"https:\/\/societesplurielles.fr\/fr\/wp-json\/wp\/v2\/tags?post=955"}],"curies":[{"name":"wp","href":"https:\/\/api.w.org\/{rel}","templated":true}]}}