{"id":964,"date":"2016-11-05T12:49:48","date_gmt":"2016-11-05T11:49:48","guid":{"rendered":"http:\/\/societesplurielles.fr\/?p=964"},"modified":"2016-11-15T13:30:17","modified_gmt":"2016-11-15T12:30:17","slug":"frontieres-et-transferts-culturels","status":"publish","type":"post","link":"https:\/\/societesplurielles.fr\/fr\/frontieres-et-transferts-culturels\/","title":{"rendered":"Fronti\u00e8res et transferts culturels"},"content":{"rendered":"<p><strong>Fronti\u00e8res et transferts culturels dans l&rsquo;espace euro-m\u00e9diterran\u00e9en.<\/strong><br \/>\n<strong> Dynamiques transfrontali\u00e8res des pratiques culturelles \u00e0 l&rsquo;\u00e9poque contemporaines.<\/strong><\/p>\n<p>Les 26 et 27 octobre 2016 \u00e0 l&rsquo;Institut hongrois de Paris, 92 rue Bonaparte, 75006 Paris<\/p>\n<p><img loading=\"lazy\" decoding=\"async\" class=\"alignleft size-medium wp-image-965\" src=\"http:\/\/societesplurielles.fr\/wp-content\/uploads\/2016\/09\/Capture-d\u2019\u00e9cran-2016-09-23-\u00e0-12.48.47-300x174.png\" alt=\"Capture d\u2019\u00e9cran 2016-09-23 \u00e0 12.48.47\" width=\"300\" height=\"174\" srcset=\"https:\/\/societesplurielles.fr\/wp-content\/uploads\/2016\/09\/Capture-d\u2019\u00e9cran-2016-09-23-\u00e0-12.48.47-300x174.png 300w, https:\/\/societesplurielles.fr\/wp-content\/uploads\/2016\/09\/Capture-d\u2019\u00e9cran-2016-09-23-\u00e0-12.48.47.png 673w\" sizes=\"auto, (max-width: 300px) 100vw, 300px\" \/><\/p>\n<p>Colloque organis\u00e9 par le Centre interuniversitaire d&rsquo;Etudes hongroises et finlandaises (CIEH-CIEFI) de l&rsquo;Universit\u00e9 Sorbonne nouvelle &#8211; Paris 3<\/p>\n","protected":false},"excerpt":{"rendered":"<p>Fronti\u00e8res et transferts culturels dans l&rsquo;espace euro-m\u00e9diterran\u00e9en. Dynamiques transfrontali\u00e8res des pratiques culturelles \u00e0 l&rsquo;\u00e9poque contemporaines. Les 26 et 27 octobre 2016 \u00e0 l&rsquo;Institut hongrois de Paris, 92 rue Bonaparte, 75006 Paris Colloque organis\u00e9 par le Centre interuniversitaire d&rsquo;Etudes hongroises et finlandaises (CIEH-CIEFI) de l&rsquo;Universit\u00e9 Sorbonne nouvelle &#8211; Paris 3<\/p>\n","protected":false},"author":1,"featured_media":0,"comment_status":"closed","ping_status":"closed","sticky":false,"template":"","format":"standard","meta":{"_fr_post_content":"<strong>Fronti\u00e8res et transferts culturels dans l'espace euro-m\u00e9diterran\u00e9en.<\/strong>\r\n<strong> Dynamiques transfrontali\u00e8res des pratiques culturelles \u00e0 l'\u00e9poque contemporaines.<\/strong>\r\n\r\nLes 26 et 27 octobre 2016 \u00e0 l'Institut hongrois de Paris, 92 rue Bonaparte, 75006 Paris\r\n\r\n<img class=\"alignleft size-medium wp-image-965\" src=\"http:\/\/societesplurielles.fr\/wp-content\/uploads\/2016\/09\/Capture-d\u2019\u00e9cran-2016-09-23-\u00e0-12.48.47-300x174.png\" alt=\"Capture d\u2019\u00e9cran 2016-09-23 \u00e0 12.48.47\" width=\"300\" height=\"174\" \/>\r\n\r\nColloque organis\u00e9 par le Centre interuniversitaire d'Etudes hongroises et finlandaises (CIEH-CIEFI) de l'Universit\u00e9 Sorbonne nouvelle - Paris 3","_fr_post_name":"frontieres-et-transferts-culturels","_fr_post_excerpt":"","_fr_post_title":"Fronti\u00e8res et transferts culturels","_en_post_content":"","_en_post_name":"","_en_post_excerpt":"","_en_post_title":"","edit_language":"fr","footnotes":""},"categories":[6],"tags":[],"class_list":["post-964","post","type-post","status-publish","format-standard","hentry","category-archives"],"_links":{"self":[{"href":"https:\/\/societesplurielles.fr\/fr\/wp-json\/wp\/v2\/posts\/964","targetHints":{"allow":["GET"]}}],"collection":[{"href":"https:\/\/societesplurielles.fr\/fr\/wp-json\/wp\/v2\/posts"}],"about":[{"href":"https:\/\/societesplurielles.fr\/fr\/wp-json\/wp\/v2\/types\/post"}],"author":[{"embeddable":true,"href":"https:\/\/societesplurielles.fr\/fr\/wp-json\/wp\/v2\/users\/1"}],"replies":[{"embeddable":true,"href":"https:\/\/societesplurielles.fr\/fr\/wp-json\/wp\/v2\/comments?post=964"}],"version-history":[{"count":2,"href":"https:\/\/societesplurielles.fr\/fr\/wp-json\/wp\/v2\/posts\/964\/revisions"}],"predecessor-version":[{"id":967,"href":"https:\/\/societesplurielles.fr\/fr\/wp-json\/wp\/v2\/posts\/964\/revisions\/967"}],"wp:attachment":[{"href":"https:\/\/societesplurielles.fr\/fr\/wp-json\/wp\/v2\/media?parent=964"}],"wp:term":[{"taxonomy":"category","embeddable":true,"href":"https:\/\/societesplurielles.fr\/fr\/wp-json\/wp\/v2\/categories?post=964"},{"taxonomy":"post_tag","embeddable":true,"href":"https:\/\/societesplurielles.fr\/fr\/wp-json\/wp\/v2\/tags?post=964"}],"curies":[{"name":"wp","href":"https:\/\/api.w.org\/{rel}","templated":true}]}}