{"id":977,"date":"2016-11-09T12:45:19","date_gmt":"2016-11-09T11:45:19","guid":{"rendered":"http:\/\/societesplurielles.fr\/?p=977"},"modified":"2017-02-27T21:33:17","modified_gmt":"2017-02-27T20:33:17","slug":"la-question-de-la-minorite-dans-le-regard-des-chretiens-et-des-juifs-xve-xviiie","status":"publish","type":"post","link":"https:\/\/societesplurielles.fr\/fr\/la-question-de-la-minorite-dans-le-regard-des-chretiens-et-des-juifs-xve-xviiie\/","title":{"rendered":"La question de la minorit\u00e9 dans le regard des chr\u00e9tiens et des juifs (XVe-XVIIIe)"},"content":{"rendered":"<p><strong>\u00ab\u00a0Non contrarii, ma diversi\u00a0\u00bb: la question de la minorit\u00e9 dans le regard des chr\u00e9tiens\u00a0et des juifs\u00a0(d\u00e9but XVe &#8211; milieu XVIIIe) si\u00e8cle<\/strong><\/p>\n<p>Colloque organis\u00e9 par Anne Goldberg (EHESS \/ Centre de recherches historiques), Alessandro Guetta (INALCO \/ CERMOM)<\/p>\n<p><strong><span style=\"color: #666699;\">Lundi 21 novembre<\/span><\/strong> \u00e0 l&rsquo;INALCO (Auditorium), 65 rue des Grands Moulins, 75013 Paris<\/p>\n<p><span style=\"color: #666699;\"><strong>Mardi 22 novembre<\/strong><\/span> \u00e0 l&rsquo;EHESS (salle 5), 190 avenue de France<\/p>\n<p><span style=\"color: #666699;\"><strong>Mercredi 23 novembre<\/strong><\/span> \u00e0 l&rsquo;INALCO (salle des Conseils, 4.24)<\/p>\n<p><img loading=\"lazy\" decoding=\"async\" class=\"wp-image-979 aligncenter\" src=\"http:\/\/societesplurielles.fr\/wp-content\/uploads\/2016\/11\/Capture-d\u2019\u00e9cran-2016-11-09-\u00e0-12.44.59.png\" alt=\"Non contrarii ma diversi\" width=\"800\" height=\"417\" \/><\/p>\n<pre><a href=\"http:\/\/societesplurielles.fr\/wp-content\/uploads\/2016\/11\/prg_non_contrarii_ma_diversi.pdf\">programme du colloque \"non contrarii, ma diversi\"<\/a><\/pre>\n","protected":false},"excerpt":{"rendered":"<p>\u00ab\u00a0Non contrarii, ma diversi\u00a0\u00bb: la question de la minorit\u00e9 dans le regard des chr\u00e9tiens\u00a0et des juifs\u00a0(d\u00e9but XVe &#8211; milieu XVIIIe) si\u00e8cle Colloque organis\u00e9 par Anne Goldberg (EHESS \/ Centre de recherches historiques), Alessandro Guetta (INALCO \/ CERMOM) Lundi 21 novembre \u00e0 l&rsquo;INALCO (Auditorium), 65 rue des Grands Moulins, 75013 Paris Mardi 22 novembre \u00e0 l&rsquo;EHESS [&hellip;]<\/p>\n","protected":false},"author":1,"featured_media":0,"comment_status":"closed","ping_status":"closed","sticky":false,"template":"","format":"standard","meta":{"_fr_post_content":"<strong>\"Non contrarii, ma diversi\": la question de la minorit\u00e9 dans le regard des chr\u00e9tiens\u00a0et des juifs\u00a0(d\u00e9but XVe - milieu XVIIIe) si\u00e8cle<\/strong>\r\n\r\nColloque organis\u00e9 par Anne Goldberg (EHESS \/ Centre de recherches historiques), Alessandro Guetta (INALCO \/ CERMOM)\r\n\r\n<strong><span style=\"color: #666699;\">Lundi 21 novembre<\/span><\/strong> \u00e0 l'INALCO (Auditorium), 65 rue des Grands Moulins, 75013 Paris\r\n\r\n<span style=\"color: #666699;\"><strong>Mardi 22 novembre<\/strong><\/span> \u00e0 l'EHESS (salle 5), 190 avenue de France\r\n\r\n<span style=\"color: #666699;\"><strong>Mercredi 23 novembre<\/strong><\/span> \u00e0 l'INALCO (salle des Conseils, 4.24)\r\n\r\n<img class=\"wp-image-979 aligncenter\" src=\"http:\/\/societesplurielles.fr\/wp-content\/uploads\/2016\/11\/Capture-d\u2019\u00e9cran-2016-11-09-\u00e0-12.44.59.png\" alt=\"Non contrarii ma diversi\" width=\"800\" height=\"417\" \/>\r\n<pre><a href=\"http:\/\/societesplurielles.fr\/wp-content\/uploads\/2016\/11\/prg_non_contrarii_ma_diversi.pdf\">programme du colloque \"non contrarii, ma diversi\"<\/a><\/pre>","_fr_post_name":"la-question-de-la-minorite-dans-le-regard-des-chretiens-et-des-juifs-xve-xviiie","_fr_post_excerpt":"","_fr_post_title":"La question de la minorit\u00e9 dans le regard des chr\u00e9tiens et des juifs (XVe-XVIIIe)","_en_post_content":"","_en_post_name":"","_en_post_excerpt":"","_en_post_title":"","edit_language":"fr","footnotes":""},"categories":[6],"tags":[],"class_list":["post-977","post","type-post","status-publish","format-standard","hentry","category-archives"],"_links":{"self":[{"href":"https:\/\/societesplurielles.fr\/fr\/wp-json\/wp\/v2\/posts\/977","targetHints":{"allow":["GET"]}}],"collection":[{"href":"https:\/\/societesplurielles.fr\/fr\/wp-json\/wp\/v2\/posts"}],"about":[{"href":"https:\/\/societesplurielles.fr\/fr\/wp-json\/wp\/v2\/types\/post"}],"author":[{"embeddable":true,"href":"https:\/\/societesplurielles.fr\/fr\/wp-json\/wp\/v2\/users\/1"}],"replies":[{"embeddable":true,"href":"https:\/\/societesplurielles.fr\/fr\/wp-json\/wp\/v2\/comments?post=977"}],"version-history":[{"count":10,"href":"https:\/\/societesplurielles.fr\/fr\/wp-json\/wp\/v2\/posts\/977\/revisions"}],"predecessor-version":[{"id":989,"href":"https:\/\/societesplurielles.fr\/fr\/wp-json\/wp\/v2\/posts\/977\/revisions\/989"}],"wp:attachment":[{"href":"https:\/\/societesplurielles.fr\/fr\/wp-json\/wp\/v2\/media?parent=977"}],"wp:term":[{"taxonomy":"category","embeddable":true,"href":"https:\/\/societesplurielles.fr\/fr\/wp-json\/wp\/v2\/categories?post=977"},{"taxonomy":"post_tag","embeddable":true,"href":"https:\/\/societesplurielles.fr\/fr\/wp-json\/wp\/v2\/tags?post=977"}],"curies":[{"name":"wp","href":"https:\/\/api.w.org\/{rel}","templated":true}]}}