{"id":991,"date":"2016-11-07T12:20:21","date_gmt":"2016-11-07T11:20:21","guid":{"rendered":"http:\/\/societesplurielles.fr\/?p=991"},"modified":"2017-02-27T21:33:22","modified_gmt":"2017-02-27T20:33:22","slug":"villes-europeennes-en-transition","status":"publish","type":"post","link":"https:\/\/societesplurielles.fr\/fr\/villes-europeennes-en-transition\/","title":{"rendered":"Villes europ\u00e9ennes en transition"},"content":{"rendered":"<p>Villes europ\u00e9ennes en transition: vision urbaine de la transition \u00e9nerg\u00e9tique, visions urbaines des politiques de patrimonialisation<\/p>\n<p>Journ\u00e9e d&rsquo;\u00e9tude organis\u00e9e dans le cadre du s\u00e9minaire ETUVE (Etudes sur les Territoires Urbains et les Villes d&rsquo;Europe)<\/p>\n<p>Vendredi 28 octobre \u00e0 l&rsquo;INALCO, 65 rue des Grands Moulins, 75013 Paris (salle 3.03)<\/p>\n<pre><a href=\"http:\/\/societesplurielles.fr\/wp-content\/uploads\/2016\/11\/Villes-europeennes-en-transition.pdf\">Villes europeennes en transition<\/a><\/pre>\n","protected":false},"excerpt":{"rendered":"<p>Villes europ\u00e9ennes en transition: vision urbaine de la transition \u00e9nerg\u00e9tique, visions urbaines des politiques de patrimonialisation Journ\u00e9e d&rsquo;\u00e9tude organis\u00e9e dans le cadre du s\u00e9minaire ETUVE (Etudes sur les Territoires Urbains et les Villes d&rsquo;Europe) Vendredi 28 octobre \u00e0 l&rsquo;INALCO, 65 rue des Grands Moulins, 75013 Paris (salle 3.03) Villes europeennes en transition<\/p>\n","protected":false},"author":1,"featured_media":0,"comment_status":"closed","ping_status":"closed","sticky":false,"template":"","format":"standard","meta":{"_fr_post_content":"Villes europ\u00e9ennes en transition: vision urbaine de la transition \u00e9nerg\u00e9tique, visions urbaines des politiques de patrimonialisation\r\n\r\nJourn\u00e9e d'\u00e9tude organis\u00e9e dans le cadre du s\u00e9minaire ETUVE (Etudes sur les Territoires Urbains et les Villes d'Europe)\r\n\r\nVendredi 28 octobre \u00e0 l'INALCO, 65 rue des Grands Moulins, 75013 Paris (salle 3.03)\r\n<pre><a href=\"http:\/\/societesplurielles.fr\/wp-content\/uploads\/2016\/11\/Villes-europeennes-en-transition.pdf\">Villes europeennes en transition<\/a><\/pre>","_fr_post_name":"villes-europeennes-en-transition","_fr_post_excerpt":"","_fr_post_title":"Villes europ\u00e9ennes en transition","_en_post_content":"","_en_post_name":"","_en_post_excerpt":"","_en_post_title":"","edit_language":"fr","footnotes":""},"categories":[6],"tags":[],"class_list":["post-991","post","type-post","status-publish","format-standard","hentry","category-archives"],"_links":{"self":[{"href":"https:\/\/societesplurielles.fr\/fr\/wp-json\/wp\/v2\/posts\/991","targetHints":{"allow":["GET"]}}],"collection":[{"href":"https:\/\/societesplurielles.fr\/fr\/wp-json\/wp\/v2\/posts"}],"about":[{"href":"https:\/\/societesplurielles.fr\/fr\/wp-json\/wp\/v2\/types\/post"}],"author":[{"embeddable":true,"href":"https:\/\/societesplurielles.fr\/fr\/wp-json\/wp\/v2\/users\/1"}],"replies":[{"embeddable":true,"href":"https:\/\/societesplurielles.fr\/fr\/wp-json\/wp\/v2\/comments?post=991"}],"version-history":[{"count":3,"href":"https:\/\/societesplurielles.fr\/fr\/wp-json\/wp\/v2\/posts\/991\/revisions"}],"predecessor-version":[{"id":994,"href":"https:\/\/societesplurielles.fr\/fr\/wp-json\/wp\/v2\/posts\/991\/revisions\/994"}],"wp:attachment":[{"href":"https:\/\/societesplurielles.fr\/fr\/wp-json\/wp\/v2\/media?parent=991"}],"wp:term":[{"taxonomy":"category","embeddable":true,"href":"https:\/\/societesplurielles.fr\/fr\/wp-json\/wp\/v2\/categories?post=991"},{"taxonomy":"post_tag","embeddable":true,"href":"https:\/\/societesplurielles.fr\/fr\/wp-json\/wp\/v2\/tags?post=991"}],"curies":[{"name":"wp","href":"https:\/\/api.w.org\/{rel}","templated":true}]}}